{"id":113535,"date":"2019-09-03T08:06:56","date_gmt":"2019-09-03T11:06:56","guid":{"rendered":"http:\/\/www.caririemacao.com\/1\/?p=113535"},"modified":"2019-09-03T08:06:56","modified_gmt":"2019-09-03T11:06:56","slug":"divulgado-edital-para-concurso-da-fundac-com-400-vagas-e-salarios-de-ate-r-1-600","status":"publish","type":"post","link":"https:\/\/www.caririemacao.com\/1\/2019\/09\/03\/divulgado-edital-para-concurso-da-fundac-com-400-vagas-e-salarios-de-ate-r-1-600\/","title":{"rendered":"Divulgado edital para concurso da Fundac com 400 vagas e sal\u00e1rios de at\u00e9 R$ 1.600"},"content":{"rendered":"\n<p>O Governo da Para\u00edba divulgou nesta ter\u00e7a-feira (3), o concurso p\u00fablico com 400 vagas para a Funda\u00e7\u00e3o de&nbsp;Desenvolvimento da Crian\u00e7a e do Adolescente (Fundac).&nbsp;<\/p>\n\n\n\n<p>A banca organizadora \u00e9 o Instituto Brasileiro de Apoio e Desenvolvimento Executivo \u2013 IBADE.<br><\/p>\n\n\n\n<p>O edital&nbsp; foi disponibilizado no&nbsp;<a href=\"https:\/\/www.clickpb.com.br\/media\/filer_public\/48\/ef\/48efd554-0b1f-4c50-97e7-4b0a5444e6da\/diario-oficial-03-09-2019_1.pdf\">Di\u00e1rio Oficial do Estado desta ter\u00e7a-feira (03).<\/a><\/p>\n\n\n\n<p>As vagas s\u00e3o para o cargo de&nbsp;Agente Socioeducativo, com remunera\u00e7\u00e3o total que pode chegar a R$ R$ 1.617,20, incluindo o vencimento b\u00e1sico, gratifica\u00e7\u00e3o de Atividade Especial e de risco (40%) e aux\u00edlio alimenta\u00e7\u00e3o.&nbsp;<\/p>\n\n\n\n<p>As inscri\u00e7\u00f5es come\u00e7am nesta quarta-feira (4) e seguem at\u00e9 o dia&nbsp;7 de outubro atrav\u00e9s do site&nbsp;<a href=\"http:\/\/www.ibade.org.br\/\">www.ibade.org.br<\/a>.&nbsp;&nbsp;&nbsp;&nbsp;O valor da inscri\u00e7\u00e3o ser\u00e1 de R$ 56,00.&nbsp;<\/p>\n\n\n\n<p>As vagas s\u00e3o para os munic\u00edpios de Jo\u00e3o Pessoa, Bayeux, Cabedelo, Santa Rita, Mamanguape, Rio Tinto, Sap\u00e9, Itabaiana, Guarabira, Lagoa Seca, Campina Grande, Alagoa Grande, Bananeiras, Monteiro, Sousa, Santa Luzia, Patos, Pianc\u00f3, Itaporanga, Concei\u00e7\u00e3o, Uira\u00fana e Cajazeiras.<\/p>\n\n\n\n<p>A realiza\u00e7\u00e3o da Prova Objetiva est\u00e1 marcada para o dia 27 de outubro.&nbsp;<\/p>\n","protected":false},"excerpt":{"rendered":"<p>O Governo da Para\u00edba divulgou nesta ter\u00e7a-feira (3), o concurso p\u00fablico com 400 vagas para a Funda\u00e7\u00e3o de&nbsp;Desenvolvimento da Crian\u00e7a e do Adolescente (Fundac).&nbsp; A&hellip; <\/p>\n","protected":false},"author":1,"featured_media":105886,"comment_status":"closed","ping_status":"closed","sticky":false,"template":"","format":"standard","meta":{"sfsi_plus_gutenberg_text_before_share":"","sfsi_plus_gutenberg_show_text_before_share":"","sfsi_plus_gutenberg_icon_type":"","sfsi_plus_gutenberg_icon_alignemt":"","sfsi_plus_gutenburg_max_per_row":"","footnotes":""},"categories":[2],"tags":[],"class_list":["post-113535","post","type-post","status-publish","format-standard","has-post-thumbnail","hentry","category-geral"],"_links":{"self":[{"href":"https:\/\/www.caririemacao.com\/1\/wp-json\/wp\/v2\/posts\/113535","targetHints":{"allow":["GET"]}}],"collection":[{"href":"https:\/\/www.caririemacao.com\/1\/wp-json\/wp\/v2\/posts"}],"about":[{"href":"https:\/\/www.caririemacao.com\/1\/wp-json\/wp\/v2\/types\/post"}],"author":[{"embeddable":true,"href":"https:\/\/www.caririemacao.com\/1\/wp-json\/wp\/v2\/users\/1"}],"replies":[{"embeddable":true,"href":"https:\/\/www.caririemacao.com\/1\/wp-json\/wp\/v2\/comments?post=113535"}],"version-history":[{"count":1,"href":"https:\/\/www.caririemacao.com\/1\/wp-json\/wp\/v2\/posts\/113535\/revisions"}],"predecessor-version":[{"id":113537,"href":"https:\/\/www.caririemacao.com\/1\/wp-json\/wp\/v2\/posts\/113535\/revisions\/113537"}],"wp:featuredmedia":[{"embeddable":true,"href":"https:\/\/www.caririemacao.com\/1\/wp-json\/wp\/v2\/media\/105886"}],"wp:attachment":[{"href":"https:\/\/www.caririemacao.com\/1\/wp-json\/wp\/v2\/media?parent=113535"}],"wp:term":[{"taxonomy":"category","embeddable":true,"href":"https:\/\/www.caririemacao.com\/1\/wp-json\/wp\/v2\/categories?post=113535"},{"taxonomy":"post_tag","embeddable":true,"href":"https:\/\/www.caririemacao.com\/1\/wp-json\/wp\/v2\/tags?post=113535"}],"curies":[{"name":"wp","href":"https:\/\/api.w.org\/{rel}","templated":true}]}}