{"id":113542,"date":"2019-09-03T08:09:30","date_gmt":"2019-09-03T11:09:30","guid":{"rendered":"http:\/\/www.caririemacao.com\/1\/?p=113542"},"modified":"2019-09-03T08:09:30","modified_gmt":"2019-09-03T11:09:30","slug":"ministerio-publico-acata-justificativas-do-mdr-e-bombeamento-da-transposicao-segue-suspenso","status":"publish","type":"post","link":"https:\/\/www.caririemacao.com\/1\/2019\/09\/03\/ministerio-publico-acata-justificativas-do-mdr-e-bombeamento-da-transposicao-segue-suspenso\/","title":{"rendered":"Minist\u00e9rio P\u00fablico acata justificativas do MDR e bombeamento da Transposi\u00e7\u00e3o segue suspenso"},"content":{"rendered":"\n<p>\u00a0O manifesto realizado em Monteiro nesse domingo (1\u00ba) pedindo, entre outras coisas, a volta do bombeamento da \u00e1gua da Transposi\u00e7\u00e3o, n\u00e3o surtiu muito efeito e a suspens\u00e3o vai continuar. \u00c9 que o Minist\u00e9rio P\u00fablico Federal (MPF), na cidade, informou que n\u00e3o h\u00e1 raz\u00f5es para n\u00e3o acatar as justificativas t\u00e9cnicas do Minist\u00e9rio do Desenvolvimento Regional (MDR) acerca da suspens\u00e3o de bombeamento de \u00e1gua nessa fase de testes.<\/p>\n\n\n\n<p>A procuradora do MPF em Monteiro, Janaina Andrade, ressalta que o projeto da transposi\u00e7\u00e3o n\u00e3o foi idealizado para realizar bombeamento cont\u00ednuo de \u00e1gua para os a\u00e7udes da Para\u00edba. \u201cO MPF em Monteiro desconhece a exist\u00eancia de qualquer documento ou ato normativo que obrigue o bombeamento de \u00e1gua no eixo leste da transposi\u00e7\u00e3o, meta 3 L, sem o in\u00edcio da opera\u00e7\u00e3o comercial\u201d, disse Janaina.<\/p>\n\n\n\n<p>Ainda segundo a procuradora, no tocante \u00e0 \u00faltima suspens\u00e3o do bombeamento, no final de agosto, o MPF em Monteiro foi informado pelo MDR que, por quest\u00e3o de preven\u00e7\u00e3o, foi preciso realizar a suspens\u00e3o em raz\u00e3o da necessidade de realizar estudos para reparos na barragem de Cacimba Nova, em Pernambuco. \u201cE \u00e9 importante destacar ainda que, de acordo com as informa\u00e7\u00f5es t\u00e9cnicas do setor de engenharia do MPF\/PB, n\u00e3o h\u00e1 rela\u00e7\u00e3o entre a atual suspens\u00e3o de bombeamento e rachaduras no canal\u201d, acrescentou.<\/p>\n\n\n\n<p><strong>Irriga\u00e7\u00e3o na Vila Produtiva&nbsp; &nbsp; &nbsp; &nbsp; &nbsp; &nbsp; &nbsp; &nbsp; &nbsp; &nbsp; &nbsp; &nbsp;&nbsp;<\/strong><\/p>\n\n\n\n<p>Tamb\u00e9m foi informado pelo MPF que, em resposta \u00e0 recomenda\u00e7\u00e3o dos Minist\u00e9rios P\u00fablicos Federal e Estadual, o Minist\u00e9rio do Desenvolvimento Regional informou que est\u00e1 adotando provid\u00eancias necess\u00e1rias para implementar sistemas de irriga\u00e7\u00e3o na Vila Produtiva Rural Lafayette, conforme estabelece o Projeto de Integra\u00e7\u00e3o do Rio S\u00e3o Francisco (Pisf).<\/p>\n\n\n\n<p>Mais de dois anos depois da chegada das \u00e1guas do \u2018Velho Chico\u2019 \u00e0 Para\u00edba, a comunidade tradicional &#8211; formada por 61 fam\u00edlias prejudicadas com as obras da transposi\u00e7\u00e3o &#8211; ainda n\u00e3o consegue produzir, embora tenha \u00e1gua para consumo humano.&nbsp;<\/p>\n\n\n\n<p><strong>Esgotamento&nbsp; &nbsp; &nbsp; &nbsp; &nbsp; &nbsp; &nbsp; &nbsp; &nbsp; &nbsp; &nbsp;<\/strong><\/p>\n\n\n\n<p>Quanto ao esgotamento sanit\u00e1rio no munic\u00edpio de Monteiro, primeiro a receber as \u00e1guas do S\u00e3o Francisco no estado, o MPF enviou of\u00edcio \u00e0 prefeitura para que informe se as obras de saneamento foram conclu\u00eddas e se vem fiscalizando o lan\u00e7amento indevido de esgotos e\/ou liga\u00e7\u00f5es clandestinas no canal da transposi\u00e7\u00e3o.<\/p>\n","protected":false},"excerpt":{"rendered":"<p>\u00a0O manifesto realizado em Monteiro nesse domingo (1\u00ba) pedindo, entre outras coisas, a volta do bombeamento da \u00e1gua da Transposi\u00e7\u00e3o, n\u00e3o surtiu muito efeito e&hellip; <\/p>\n","protected":false},"author":1,"featured_media":113544,"comment_status":"closed","ping_status":"closed","sticky":false,"template":"","format":"standard","meta":{"sfsi_plus_gutenberg_text_before_share":"","sfsi_plus_gutenberg_show_text_before_share":"","sfsi_plus_gutenberg_icon_type":"","sfsi_plus_gutenberg_icon_alignemt":"","sfsi_plus_gutenburg_max_per_row":"","footnotes":""},"categories":[50,2],"tags":[],"class_list":["post-113542","post","type-post","status-publish","format-standard","has-post-thumbnail","hentry","category-destaque","category-geral"],"_links":{"self":[{"href":"https:\/\/www.caririemacao.com\/1\/wp-json\/wp\/v2\/posts\/113542","targetHints":{"allow":["GET"]}}],"collection":[{"href":"https:\/\/www.caririemacao.com\/1\/wp-json\/wp\/v2\/posts"}],"about":[{"href":"https:\/\/www.caririemacao.com\/1\/wp-json\/wp\/v2\/types\/post"}],"author":[{"embeddable":true,"href":"https:\/\/www.caririemacao.com\/1\/wp-json\/wp\/v2\/users\/1"}],"replies":[{"embeddable":true,"href":"https:\/\/www.caririemacao.com\/1\/wp-json\/wp\/v2\/comments?post=113542"}],"version-history":[{"count":1,"href":"https:\/\/www.caririemacao.com\/1\/wp-json\/wp\/v2\/posts\/113542\/revisions"}],"predecessor-version":[{"id":113545,"href":"https:\/\/www.caririemacao.com\/1\/wp-json\/wp\/v2\/posts\/113542\/revisions\/113545"}],"wp:featuredmedia":[{"embeddable":true,"href":"https:\/\/www.caririemacao.com\/1\/wp-json\/wp\/v2\/media\/113544"}],"wp:attachment":[{"href":"https:\/\/www.caririemacao.com\/1\/wp-json\/wp\/v2\/media?parent=113542"}],"wp:term":[{"taxonomy":"category","embeddable":true,"href":"https:\/\/www.caririemacao.com\/1\/wp-json\/wp\/v2\/categories?post=113542"},{"taxonomy":"post_tag","embeddable":true,"href":"https:\/\/www.caririemacao.com\/1\/wp-json\/wp\/v2\/tags?post=113542"}],"curies":[{"name":"wp","href":"https:\/\/api.w.org\/{rel}","templated":true}]}}