{"id":113556,"date":"2019-09-03T08:13:35","date_gmt":"2019-09-03T11:13:35","guid":{"rendered":"http:\/\/www.caririemacao.com\/1\/?p=113556"},"modified":"2019-09-03T08:13:35","modified_gmt":"2019-09-03T11:13:35","slug":"joao-azevedo-libera-seis-novas-organizacoes-sociais-para-atuarem-na-paraiba","status":"publish","type":"post","link":"https:\/\/www.caririemacao.com\/1\/2019\/09\/03\/joao-azevedo-libera-seis-novas-organizacoes-sociais-para-atuarem-na-paraiba\/","title":{"rendered":"Jo\u00e3o Azev\u00eado libera seis novas organiza\u00e7\u00f5es sociais para atuarem na Para\u00edba"},"content":{"rendered":"\n<p>Seis novas organiza\u00e7\u00f5es sociais est\u00e3o aptas a atuarem na Para\u00edba. Elas ir\u00e3o administrar setores da sa\u00fade e educa\u00e7\u00e3o, conforme publica\u00e7\u00e3o do Di\u00e1rio Oficial do Estado (DOE) desta ter\u00e7a-feira (3). A qualifica\u00e7\u00e3o das empresas foi assinada pelo governador Jo\u00e3o Azev\u00eado.<\/p>\n\n\n\n<p>As portarias, publicadas no Di\u00e1rio Oficial do Estado, liberam o Instituto Nacional de Pesquisa e Gest\u00e3o em Sa\u00fade \u2013 Insa\u00fade, o Instituto de Planejamento e Gest\u00e3o \u2013 Conceito, o Instituo Brasileiro de Pol\u00edticas P\u00fablicas \u2013 Ibrapp e o Instituto Social Mais Sa\u00fade, como habilitadas para gerir o servi\u00e7o de sa\u00fade no estado.<\/p>\n\n\n\n<p>Tamb\u00e9m est\u00e3o aptos a formalizarem o contrato de gest\u00e3o pactuada os Instituto Soleil e o Instituto Brasileiro de Pol\u00edticas P\u00fablicas.<\/p>\n","protected":false},"excerpt":{"rendered":"<p>Seis novas organiza\u00e7\u00f5es sociais est\u00e3o aptas a atuarem na Para\u00edba. Elas ir\u00e3o administrar setores da sa\u00fade e educa\u00e7\u00e3o, conforme publica\u00e7\u00e3o do Di\u00e1rio Oficial do Estado&hellip; <\/p>\n","protected":false},"author":1,"featured_media":111997,"comment_status":"closed","ping_status":"closed","sticky":false,"template":"","format":"standard","meta":{"sfsi_plus_gutenberg_text_before_share":"","sfsi_plus_gutenberg_show_text_before_share":"","sfsi_plus_gutenberg_icon_type":"","sfsi_plus_gutenberg_icon_alignemt":"","sfsi_plus_gutenburg_max_per_row":"","footnotes":""},"categories":[2],"tags":[],"class_list":["post-113556","post","type-post","status-publish","format-standard","has-post-thumbnail","hentry","category-geral"],"_links":{"self":[{"href":"https:\/\/www.caririemacao.com\/1\/wp-json\/wp\/v2\/posts\/113556","targetHints":{"allow":["GET"]}}],"collection":[{"href":"https:\/\/www.caririemacao.com\/1\/wp-json\/wp\/v2\/posts"}],"about":[{"href":"https:\/\/www.caririemacao.com\/1\/wp-json\/wp\/v2\/types\/post"}],"author":[{"embeddable":true,"href":"https:\/\/www.caririemacao.com\/1\/wp-json\/wp\/v2\/users\/1"}],"replies":[{"embeddable":true,"href":"https:\/\/www.caririemacao.com\/1\/wp-json\/wp\/v2\/comments?post=113556"}],"version-history":[{"count":1,"href":"https:\/\/www.caririemacao.com\/1\/wp-json\/wp\/v2\/posts\/113556\/revisions"}],"predecessor-version":[{"id":113557,"href":"https:\/\/www.caririemacao.com\/1\/wp-json\/wp\/v2\/posts\/113556\/revisions\/113557"}],"wp:featuredmedia":[{"embeddable":true,"href":"https:\/\/www.caririemacao.com\/1\/wp-json\/wp\/v2\/media\/111997"}],"wp:attachment":[{"href":"https:\/\/www.caririemacao.com\/1\/wp-json\/wp\/v2\/media?parent=113556"}],"wp:term":[{"taxonomy":"category","embeddable":true,"href":"https:\/\/www.caririemacao.com\/1\/wp-json\/wp\/v2\/categories?post=113556"},{"taxonomy":"post_tag","embeddable":true,"href":"https:\/\/www.caririemacao.com\/1\/wp-json\/wp\/v2\/tags?post=113556"}],"curies":[{"name":"wp","href":"https:\/\/api.w.org\/{rel}","templated":true}]}}