{"id":113590,"date":"2019-09-03T08:31:03","date_gmt":"2019-09-03T11:31:03","guid":{"rendered":"http:\/\/www.caririemacao.com\/1\/?p=113590"},"modified":"2019-09-03T08:31:03","modified_gmt":"2019-09-03T11:31:03","slug":"depois-do-instagram-facebook-tambem-estuda-acabar-com-contagem-de-likes","status":"publish","type":"post","link":"https:\/\/www.caririemacao.com\/1\/2019\/09\/03\/depois-do-instagram-facebook-tambem-estuda-acabar-com-contagem-de-likes\/","title":{"rendered":"Depois do Instagram, Facebook tamb\u00e9m estuda acabar com contagem de &#8216;likes&#8217;"},"content":{"rendered":"\n<p>\u00a0O Facebook est\u00e1 estudando esconder o n\u00famero de curtidas das publica\u00e7\u00f5es, a exemplo do que fez o Instagram. O Estad\u00e3o divulgou nesta segunda-feira (02) que a pesquisadora Jane Manchun, que costuma antecipar novidades no site, detectou o recurso na vers\u00e3o para Android no app da rede social.\u00a0<\/p>\n\n\n\n<p>A rede social confirmou ao site TechCrunch a fase de teste do fim da contagem de &#8216;likes&#8217;, mas a novidade ainda n\u00e3o foi disponibilizada para os usu\u00e1rios.&nbsp;<\/p>\n\n\n\n<ul class=\"wp-block-list\"><li><a href=\"https:\/\/www.clickpb.com.br\/tecnologia\/instagram-comeca-nesta-quarta-testes-para-ocultar-numero-de-curtidas-no-brasil-264175.html\">Instagram come\u00e7a nesta quarta testes para ocultar n\u00famero de curtidas no Brasil<\/a><\/li><\/ul>\n\n\n\n<p>As duas redes hoje pertencem ao empres\u00e1rio Mark Zuckerberg. Desde julho, a rede social de fotos n\u00e3o mostra mais aos brasileiros o n\u00famero de intera\u00e7\u00f5es em cada post. Al\u00e9m do Brasil, o Instagram testa essa novidade no Canad\u00e1, Austr\u00e1lia, Nova Zel\u00e2ndia, It\u00e1lia, Irlanda e Jap\u00e3o.<\/p>\n\n\n\n<p>A empresa de Mark Zuckerberg alega querer evitar o sentimento de inferioridade de alguns usu\u00e1rios diante de outros, com publica\u00e7\u00f5es muito mais curtidas. Com a mudan\u00e7a, somente o dono do perfil ter\u00e1 acesso aos n\u00fameros de intera\u00e7\u00f5es em cada texto ou foto.<br><\/p>\n\n\n\n<p>Ao TechCrunch, al\u00e9m de confirmar&nbsp;que est\u00e1 fazendo testes para a mudan\u00e7a, apesar da&nbsp;novidade ainda n\u00e3o estar&nbsp;dispon\u00edvel para os usu\u00e1rios, o o Facebook informou que, se decidir ir em frente, a empresa provavelmente ir\u00e1 fazer a mudan\u00e7a gradualmente, assim como no Instagram \u2013 e recuar caso haja queda no uso ou receita da rede social.<\/p>\n\n\n\n<p>O Facebook ainda n\u00e3o divulgou n\u00fameros referentes \u00e0 mudan\u00e7a no Instagram, mas os testes podem indicar que os resultados t\u00eam sido positivos. A expectativa era a de que ocultar o n\u00famero de curtidas teria pouco impacto na quantidade de postagens e intera\u00e7\u00f5es, mas efeitos positivos na sa\u00fade mental dos usu\u00e1rios. O Facebook quer evitar cen\u00e1rios em que as pessoas pensem \u201colhe quantas curtidas essa pessoa tem, minha vida \u00e9 sem gra\u00e7a\u201d, ou \u201cpor que postar uma foto se eu n\u00e3o vou ter muitas curtidas?\u201d. Com menos press\u00e3o pelo n\u00famero de likes, os usu\u00e1rios poderiam acabar postando com mais liberdade e mais frequentemente.<\/p>\n","protected":false},"excerpt":{"rendered":"<p>\u00a0O Facebook est\u00e1 estudando esconder o n\u00famero de curtidas das publica\u00e7\u00f5es, a exemplo do que fez o Instagram. O Estad\u00e3o divulgou nesta segunda-feira (02) que&hellip; <\/p>\n","protected":false},"author":1,"featured_media":96050,"comment_status":"closed","ping_status":"closed","sticky":false,"template":"","format":"standard","meta":{"sfsi_plus_gutenberg_text_before_share":"","sfsi_plus_gutenberg_show_text_before_share":"","sfsi_plus_gutenberg_icon_type":"","sfsi_plus_gutenberg_icon_alignemt":"","sfsi_plus_gutenburg_max_per_row":"","footnotes":""},"categories":[2],"tags":[],"class_list":["post-113590","post","type-post","status-publish","format-standard","has-post-thumbnail","hentry","category-geral"],"_links":{"self":[{"href":"https:\/\/www.caririemacao.com\/1\/wp-json\/wp\/v2\/posts\/113590","targetHints":{"allow":["GET"]}}],"collection":[{"href":"https:\/\/www.caririemacao.com\/1\/wp-json\/wp\/v2\/posts"}],"about":[{"href":"https:\/\/www.caririemacao.com\/1\/wp-json\/wp\/v2\/types\/post"}],"author":[{"embeddable":true,"href":"https:\/\/www.caririemacao.com\/1\/wp-json\/wp\/v2\/users\/1"}],"replies":[{"embeddable":true,"href":"https:\/\/www.caririemacao.com\/1\/wp-json\/wp\/v2\/comments?post=113590"}],"version-history":[{"count":1,"href":"https:\/\/www.caririemacao.com\/1\/wp-json\/wp\/v2\/posts\/113590\/revisions"}],"predecessor-version":[{"id":113592,"href":"https:\/\/www.caririemacao.com\/1\/wp-json\/wp\/v2\/posts\/113590\/revisions\/113592"}],"wp:featuredmedia":[{"embeddable":true,"href":"https:\/\/www.caririemacao.com\/1\/wp-json\/wp\/v2\/media\/96050"}],"wp:attachment":[{"href":"https:\/\/www.caririemacao.com\/1\/wp-json\/wp\/v2\/media?parent=113590"}],"wp:term":[{"taxonomy":"category","embeddable":true,"href":"https:\/\/www.caririemacao.com\/1\/wp-json\/wp\/v2\/categories?post=113590"},{"taxonomy":"post_tag","embeddable":true,"href":"https:\/\/www.caririemacao.com\/1\/wp-json\/wp\/v2\/tags?post=113590"}],"curies":[{"name":"wp","href":"https:\/\/api.w.org\/{rel}","templated":true}]}}