{"id":113605,"date":"2019-09-03T08:36:26","date_gmt":"2019-09-03T11:36:26","guid":{"rendered":"http:\/\/www.caririemacao.com\/1\/?p=113605"},"modified":"2019-09-03T08:36:26","modified_gmt":"2019-09-03T11:36:26","slug":"mp-da-carteira-estudantil-digital-sera-assinada-nesta-semana","status":"publish","type":"post","link":"https:\/\/www.caririemacao.com\/1\/2019\/09\/03\/mp-da-carteira-estudantil-digital-sera-assinada-nesta-semana\/","title":{"rendered":"MP da carteira estudantil digital ser\u00e1 assinada nesta semana"},"content":{"rendered":"\n<p>O presidente Jair Bolsonaro deve assinar, nesta semana, a medida provis\u00f3ria (MP) que vai instituir a carteira digital do estudante. Batizada de MP da Liberdade Estudantil, a medida deve passar a oferecer uma nova modalidade de identifica\u00e7\u00e3o estudantil, em vers\u00e3o totalmente digitalizada. Ainda n\u00e3o h\u00e1 informa\u00e7\u00f5es sobre se o novo documento substituir\u00e1 as atuais carteiras de estudante. &#8220;[Sobre] a carteira de identidade [estudantil] digital, deve ser assinada a Medida Provis\u00f3ria nesta quinta-feira (5)&#8221;, informou o porta-voz do Pal\u00e1cio do Planalto, Ot\u00e1vio R\u00eago Barros, em entrevista a jornalistas, nesta segunda-feira (2).<\/p>\n\n\n\n<p>Atualmente, a Lei n\u00ba 12.933\/2013, chamada Lei da Meia-Entrada, atribui a prerrogativa exclusiva de emiss\u00e3o da Carteira de Identifica\u00e7\u00e3o Estudantil \u00e0s pr\u00f3prias entidades estudantis, como a Associa\u00e7\u00e3o Nacional de P\u00f3s-Graduandos (ANPG), a Uni\u00e3o Nacional dos Estudantes (UNE) e a Uni\u00e3o Brasileira dos Estudantes Secundaristas (Ubes), al\u00e9m de suas entidades estaduais e municipais filiadas.<\/p>\n\n\n\n<h2 class=\"wp-block-heading\">Reuni\u00e3o na Col\u00f4mbia<\/h2>\n\n\n\n<p>O Pal\u00e1cio do Planalto informou tamb\u00e9m que, por motivos de sa\u00fade, est\u00e1 descartada a participa\u00e7\u00e3o de Jair Bolsonaro em reuni\u00e3o, na cidade colombiana de Let\u00edcia, na tr\u00edplice fronteira entre Col\u00f4mbia, Brasil e Peru, que estava prevista para sexta-feira (6). Por recomenda\u00e7\u00e3o m\u00e9dica, o presidente iniciar\u00e1, a partir deste dia, uma dieta \u00e0 base de l\u00edquidos, j\u00e1 como parte do pr\u00e9-operat\u00f3rio para a cirurgia de corre\u00e7\u00e3o de uma h\u00e9rnia incisional, que surgiu em decorr\u00eancia das interven\u00e7\u00f5es cir\u00fargicas ap\u00f3s ter sido v\u00edtima de uma facada, em setembro de 2018.<\/p>\n\n\n\n<p>&#8220;Por quest\u00f5es de orienta\u00e7\u00e3o m\u00e9dica, o presidente precisar\u00e1, a partir de sexta-feira, entrar em dieta l\u00edquida. A consequ\u00eancia disso \u00e9 praticamente inviabilizar a viagem a Let\u00edcia. Estamos estudando a possibilidade de que uma autoridade possa substitu\u00ed-lo nesse evento ou a posterga\u00e7\u00e3o [da reuni\u00e3o] a fim de que o pr\u00f3prio presidente possa estar presente em uma futura reuni\u00e3o&#8221;, disse R\u00eago Barros.&nbsp;<\/p>\n\n\n\n<p>Ou\u00e7a mais na&nbsp;<strong>Radioag\u00eancia Nacional<\/strong>:<\/p>\n\n\n\n<figure><iframe data-src=\"http:\/\/radioagencianacional.ebc.com.br\/sites\/_radioagencianacional2013\/themes\/radioagencianacional2013\/componentes\/componente-player\/embed.html?title=Bolsonaro%20cancela%20ida%20a%20encontro%20de%20chefes%20de%20Estado%20sobre%20floresta%20amaz%C3%B4nica&amp;url=http:\/\/radioagencianacional.ebc.com.br\/geral\/audio\/2019-09\/bolsonaro-cancela-ida-encontro-de-chefes-de-estado-sobre-floresta-amazonica&amp;time=01:52&amp;tags-audio=Editoria,%20Tipos%20de%20Conte%C3%BAdo&amp;data-ogg=http:\/\/audios.ebc.com.br\/9b\/9bbc529a4fd57aaf193a7f89f4fdb2aa.ogg&amp;data-mp3=http:\/\/audios.ebc.com.br\/9b\/9bbc529a4fd57aaf193a7f89f4fdb2aa.mp3&amp;created=02\/09\/2019%20-%2021h45\" width=\"100%\" src=\"data:image\/svg+xml;base64,PHN2ZyB3aWR0aD0iMSIgaGVpZ2h0PSIxIiB4bWxucz0iaHR0cDovL3d3dy53My5vcmcvMjAwMC9zdmciPjwvc3ZnPg==\" class=\"lazyload\" data-load-mode=\"1\"><\/iframe><\/figure>\n\n\n\n<h2 class=\"wp-block-heading\">Desfile da Independ\u00eancia<\/h2>\n\n\n\n<p>O Pal\u00e1cio do Planalto tamb\u00e9m est\u00e1 acertando os \u00faltimos preparativos para o desfile c\u00edvico do dia 7 de setembro, feriado da Independ\u00eancia. Como em anos anteriores, cerca de tr\u00eas mil militares v\u00e3o desfilar ao longo da Esplanada dos Minist\u00e9rios. Segundo o governo, pelo menos dois mil militares est\u00e3o envolvidos no esquema de seguran\u00e7a e tr\u00e2nsito. Cerca de 1,5 mil pessoas, representando institui\u00e7\u00f5es da sociedade civil e escolas, tamb\u00e9m devem participar do desfile.&nbsp;<\/p>\n\n\n\n<p>Entre as atra\u00e7\u00f5es, s\u00e3o esperadas a banda marcial do Corpo de Fuzileiros Navais do Rio de Janeiro, desfile de blindados da Marinha e do Ex\u00e9rcito, exibi\u00e7\u00e3o de aeronaves da For\u00e7a A\u00e9rea, da Marinha e do Ex\u00e9rcito. O ponto alto ser\u00e1 a apresenta\u00e7\u00e3o, j\u00e1 tradicional durante o desfile, da Esquadrilha da Fuma\u00e7a. O presidente Jair Bolsonaro participar\u00e1 da cerim\u00f4nia ao lado da primeira-dama Mochelle, al\u00e9m de ministros e autoridades. Segundo o Pal\u00e1cio do Planalto, n\u00e3o haver\u00e1 discurso durante o evento, que tem dura\u00e7\u00e3o prevista de 1h15.&nbsp;<\/p>\n\n\n\n<p>Equipamentos das For\u00e7as Armadas, como autom\u00f3veis, armas e aeronaves ficar\u00e3o expostos no gramado da Esplanada entre os dia 5 e 7 de setembro, para visita\u00e7\u00e3o gratuita da popula\u00e7\u00e3o.&nbsp;<\/p>\n","protected":false},"excerpt":{"rendered":"<p>O presidente Jair Bolsonaro deve assinar, nesta semana, a medida provis\u00f3ria (MP) que vai instituir a carteira digital do estudante. Batizada de MP da Liberdade&hellip; <\/p>\n","protected":false},"author":1,"featured_media":84587,"comment_status":"closed","ping_status":"closed","sticky":false,"template":"","format":"standard","meta":{"sfsi_plus_gutenberg_text_before_share":"","sfsi_plus_gutenberg_show_text_before_share":"","sfsi_plus_gutenberg_icon_type":"","sfsi_plus_gutenberg_icon_alignemt":"","sfsi_plus_gutenburg_max_per_row":"","footnotes":""},"categories":[11],"tags":[],"class_list":["post-113605","post","type-post","status-publish","format-standard","has-post-thumbnail","hentry","category-politica"],"_links":{"self":[{"href":"https:\/\/www.caririemacao.com\/1\/wp-json\/wp\/v2\/posts\/113605","targetHints":{"allow":["GET"]}}],"collection":[{"href":"https:\/\/www.caririemacao.com\/1\/wp-json\/wp\/v2\/posts"}],"about":[{"href":"https:\/\/www.caririemacao.com\/1\/wp-json\/wp\/v2\/types\/post"}],"author":[{"embeddable":true,"href":"https:\/\/www.caririemacao.com\/1\/wp-json\/wp\/v2\/users\/1"}],"replies":[{"embeddable":true,"href":"https:\/\/www.caririemacao.com\/1\/wp-json\/wp\/v2\/comments?post=113605"}],"version-history":[{"count":1,"href":"https:\/\/www.caririemacao.com\/1\/wp-json\/wp\/v2\/posts\/113605\/revisions"}],"predecessor-version":[{"id":113607,"href":"https:\/\/www.caririemacao.com\/1\/wp-json\/wp\/v2\/posts\/113605\/revisions\/113607"}],"wp:featuredmedia":[{"embeddable":true,"href":"https:\/\/www.caririemacao.com\/1\/wp-json\/wp\/v2\/media\/84587"}],"wp:attachment":[{"href":"https:\/\/www.caririemacao.com\/1\/wp-json\/wp\/v2\/media?parent=113605"}],"wp:term":[{"taxonomy":"category","embeddable":true,"href":"https:\/\/www.caririemacao.com\/1\/wp-json\/wp\/v2\/categories?post=113605"},{"taxonomy":"post_tag","embeddable":true,"href":"https:\/\/www.caririemacao.com\/1\/wp-json\/wp\/v2\/tags?post=113605"}],"curies":[{"name":"wp","href":"https:\/\/api.w.org\/{rel}","templated":true}]}}