{"id":113616,"date":"2019-09-03T08:38:53","date_gmt":"2019-09-03T11:38:53","guid":{"rendered":"http:\/\/www.caririemacao.com\/1\/?p=113616"},"modified":"2019-09-03T08:38:53","modified_gmt":"2019-09-03T11:38:53","slug":"pacientes-especiais-tem-calendario-de-vacinacao-atualizado","status":"publish","type":"post","link":"https:\/\/www.caririemacao.com\/1\/2019\/09\/03\/pacientes-especiais-tem-calendario-de-vacinacao-atualizado\/","title":{"rendered":"Pacientes especiais t\u00eam calend\u00e1rio de vacina\u00e7\u00e3o atualizado"},"content":{"rendered":"\n<p>O Calend\u00e1rio de Vacina\u00e7\u00e3o de Pacientes Especiais, da Sociedade Brasileira de Imuniza\u00e7\u00f5es (SBIm), ganhou vers\u00e3o atualizada para os anos de 2019 e 2020, que ser\u00e1 lan\u00e7ada oficialmente na Jornada Nacional de Imuniza\u00e7\u00f5es. O evento acontece em Fortaleza, no Cear\u00e1, entre os dias 4 e 7 de setembro.&nbsp;<\/p>\n\n\n\n<p>Uma das respons\u00e1veis pelo calend\u00e1rio, a diretora da SBIm M\u00f4nica Levi explica que o grupo de pacientes considerados especiais vai al\u00e9m dos imunodeprimidos &#8211; pessoas cujas defesas do organismo est\u00e3o debilitadas. Diab\u00e9ticos, por exemplo, s\u00e3o considerados pacientes especiais pela SBIm, que recomenda, entre outras coisas, estar em dia com a imuniza\u00e7\u00e3o de gripe, pelo risco de infec\u00e7\u00e3o aumentado.<\/p>\n\n\n\n<p>&#8220;Sendo diab\u00e9tico, o paciente deve receber vacina de gripe anualmente, porque a gripe representa risco aumentado de formas graves de gripe ou de descompensar o diabetes&#8221;, informa M\u00f4nica Levi, que cita outros exemplos. &#8220;Paciente especial n\u00e3o quer dizer imunodeprimido sempre. Um cardiopata, um pneumopata cr\u00f4nico, n\u00e3o \u00e9 um imunodeprimido. Ele \u00e9 um paciente especial porque tem risco aumentado de morrer, por exemplo, de pneumococo, de uma pneumonia. Ele tem recomenda\u00e7\u00f5es diferentes da popula\u00e7\u00e3o normal porque a doen\u00e7a de base, como a do diab\u00e9tico, o torna mais propenso a desenvolver infec\u00e7\u00e3o grave e morte&#8221;.<\/p>\n\n\n\n<p>O calend\u00e1rio que ser\u00e1 lan\u00e7ado durante a Jornada Nacional de Imuniza\u00e7\u00f5es j\u00e1 est\u00e1 dispon\u00edvel no<em>&nbsp;<a href=\"https:\/\/sbim.org.br\/images\/calendarios\/calend-sbim-pacientes-especiais.pdf\" target=\"_blank\" rel=\"noreferrer noopener\">site<\/a><\/em><a href=\"https:\/\/sbim.org.br\/images\/calendarios\/calend-sbim-pacientes-especiais.pdf\" target=\"_blank\" rel=\"noreferrer noopener\">&nbsp;da SBIm<\/a>&nbsp;. No caso dos pacientes especiais, o guia precisa ser atualizado com maior frequ\u00eancia que os demais, uma vez que os tratamentos e medicamentos utilizados por esses pacientes est\u00e3o em constante evolu\u00e7\u00e3o. &nbsp;<\/p>\n\n\n\n<p>&#8220;O calend\u00e1rio dos pacientes especiais tem vida mais curta. Novas evid\u00eancias, muitos resultados de estudos e muita discuss\u00e3o interna entre especialistas levaram \u00e0s mudan\u00e7as&#8221;, diz M\u00f4nica, acrescentando que as novidades do calend\u00e1rio n\u00e3o est\u00e3o na descoberta de novas vacinas. &#8220;S\u00e3o outros enfoques para as mesmas vacinas. S\u00e3o mudan\u00e7as em termos de orienta\u00e7\u00f5es, refor\u00e7os que foram inclu\u00eddos&#8221;.<\/p>\n\n\n\n<p>Um dos maiores desafios na elabora\u00e7\u00e3o do calend\u00e1rio foi criar uma tabela capaz de dar conta de pacientes que utilizam medicamentos que interferem na imunidade, como pessoas com doen\u00e7as reumatol\u00f3gicas e c\u00e2ncer. Nesses casos, o uso de uma vacina com o v\u00edrus vivo e atenuado pode acabar causando a infec\u00e7\u00e3o, e o uso de uma vacina inativada, apesar de n\u00e3o oferecer esse risco, pode n\u00e3o resultar na imuniza\u00e7\u00e3o pretendida.<\/p>\n\n\n\n<p>Um exemplo \u00e9 a vacina para hepatite B. Na popula\u00e7\u00e3o em geral, ela \u00e9 feita em tr\u00eas doses. Nos imunodeprimidos, s\u00e3o aplicadas quatro doses, com a quantidade dobrada de ant\u00edgeno em cada uma delas. Ao final da vacina\u00e7\u00e3o, ainda \u00e9 necess\u00e1rio realizar um exame de sorologia para verificar se foram produzidos os anticorpos.&nbsp;<\/p>\n\n\n\n<p>Apesar de pacientes especiais muitas vezes estarem sob acompanhamento de um m\u00e9dico especialista, M\u00f4nica Levi lamenta que isso nem sempre significa que os calend\u00e1rios de vacina\u00e7\u00e3o est\u00e3o sendo devidamente observados.&nbsp;<\/p>\n\n\n\n<p>&#8220;A gente tenta se aproximar da comunidade m\u00e9dica e fazer esses guias em conjunto para conscientizar os profissionais a come\u00e7arem a se preocupar com a prote\u00e7\u00e3o dos pacientes de uma maneira mais global, mas vacina \u00e9 uma coisa que muitas vezes passa batida na consulta&#8221;. Ela diz que o problema inclui at\u00e9 mesmo vacinas dispon\u00edveis gratuitamente nos Centros de Refer\u00eancia de Imunobiol\u00f3gicos Especiais, que acabam tendo seu servi\u00e7o subutilizado.&nbsp;<\/p>\n\n\n\n<p>A diretora da SBIm avalia que \u00e9 preciso aumentar o destaque dado \u00e0 imuniza\u00e7\u00e3o na forma\u00e7\u00e3o m\u00e9dica e engajar tamb\u00e9m as sociedades de cada especialidade. Com o envelhecimento da popula\u00e7\u00e3o, a tend\u00eancia \u00e9 que cada vez mais pessoas sejam diagnosticadas com doen\u00e7as cr\u00f4nicas e entrem no calend\u00e1rio de pacientes especiais.&nbsp;<\/p>\n\n\n\n<p>&#8220;A gente est\u00e1 falando de uma popula\u00e7\u00e3o que tem a perspectiva de viver muito mais. Se voc\u00ea quer seu paciente saud\u00e1vel, voc\u00ea tem que fazer a preven\u00e7\u00e3o para uma vida saud\u00e1vel l\u00e1 na frente. E a vacina faz parte disso&#8221;.&nbsp;&nbsp;&nbsp;<\/p>\n","protected":false},"excerpt":{"rendered":"<p>O Calend\u00e1rio de Vacina\u00e7\u00e3o de Pacientes Especiais, da Sociedade Brasileira de Imuniza\u00e7\u00f5es (SBIm), ganhou vers\u00e3o atualizada para os anos de 2019 e 2020, que ser\u00e1&hellip; <\/p>\n","protected":false},"author":1,"featured_media":113275,"comment_status":"closed","ping_status":"closed","sticky":false,"template":"","format":"standard","meta":{"sfsi_plus_gutenberg_text_before_share":"","sfsi_plus_gutenberg_show_text_before_share":"","sfsi_plus_gutenberg_icon_type":"","sfsi_plus_gutenberg_icon_alignemt":"","sfsi_plus_gutenburg_max_per_row":"","footnotes":""},"categories":[16],"tags":[],"class_list":["post-113616","post","type-post","status-publish","format-standard","has-post-thumbnail","hentry","category-saude"],"_links":{"self":[{"href":"https:\/\/www.caririemacao.com\/1\/wp-json\/wp\/v2\/posts\/113616","targetHints":{"allow":["GET"]}}],"collection":[{"href":"https:\/\/www.caririemacao.com\/1\/wp-json\/wp\/v2\/posts"}],"about":[{"href":"https:\/\/www.caririemacao.com\/1\/wp-json\/wp\/v2\/types\/post"}],"author":[{"embeddable":true,"href":"https:\/\/www.caririemacao.com\/1\/wp-json\/wp\/v2\/users\/1"}],"replies":[{"embeddable":true,"href":"https:\/\/www.caririemacao.com\/1\/wp-json\/wp\/v2\/comments?post=113616"}],"version-history":[{"count":1,"href":"https:\/\/www.caririemacao.com\/1\/wp-json\/wp\/v2\/posts\/113616\/revisions"}],"predecessor-version":[{"id":113618,"href":"https:\/\/www.caririemacao.com\/1\/wp-json\/wp\/v2\/posts\/113616\/revisions\/113618"}],"wp:featuredmedia":[{"embeddable":true,"href":"https:\/\/www.caririemacao.com\/1\/wp-json\/wp\/v2\/media\/113275"}],"wp:attachment":[{"href":"https:\/\/www.caririemacao.com\/1\/wp-json\/wp\/v2\/media?parent=113616"}],"wp:term":[{"taxonomy":"category","embeddable":true,"href":"https:\/\/www.caririemacao.com\/1\/wp-json\/wp\/v2\/categories?post=113616"},{"taxonomy":"post_tag","embeddable":true,"href":"https:\/\/www.caririemacao.com\/1\/wp-json\/wp\/v2\/tags?post=113616"}],"curies":[{"name":"wp","href":"https:\/\/api.w.org\/{rel}","templated":true}]}}