{"id":113644,"date":"2019-09-03T09:56:31","date_gmt":"2019-09-03T12:56:31","guid":{"rendered":"http:\/\/www.caririemacao.com\/1\/?p=113644"},"modified":"2019-09-03T09:56:31","modified_gmt":"2019-09-03T12:56:31","slug":"tribunal-de-justica-lanca-edital-com-normas-para-concurso-publico-dos-cartorios-extrajudiciais","status":"publish","type":"post","link":"https:\/\/www.caririemacao.com\/1\/2019\/09\/03\/tribunal-de-justica-lanca-edital-com-normas-para-concurso-publico-dos-cartorios-extrajudiciais\/","title":{"rendered":"Tribunal de Justi\u00e7a lan\u00e7a edital com normas para concurso p\u00fablico dos Cart\u00f3rios Extrajudiciais"},"content":{"rendered":"\n<p>\u00a0O edital do concurso p\u00fablico dos Cart\u00f3rios Extrajudiciais foi publicado na edi\u00e7\u00e3o desta ter\u00e7a-feira (03) do Di\u00e1rio da Justi\u00e7a Eletr\u00f4nico. O Edital de Altera\u00e7\u00e3o complementa e ajusta o Edital, dispondo sobre a continuidade do Concurso P\u00fablico para a Outorga de Delega\u00e7\u00e3o de Servi\u00e7os Notariais e Registrais, pelo Poder Judici\u00e1rio do Estado da Para\u00edba.<\/p>\n\n\n\n<p><a href=\"https:\/\/app.tjpb.jus.br\/dje\/paginas\/diario_justica\/publico\/buscas.jsf\">Confira o edital a partir da p\u00e1gina 4&nbsp;do Di\u00e1rio da Justi\u00e7a desta ter\u00e7a-feira (03)<\/a><\/p>\n\n\n\n<p>O novo documento estabelece normas sobre a prova oral do certame, que acontecer\u00e1 no per\u00edodo entre 24 de novembro a 3 de dezembro deste ano, na Escola Superior da Magistratura (Esma). As normas para a realiza\u00e7\u00e3o do concurso e da aplica\u00e7\u00e3o das provas foram estabelecidas neste edital.<\/p>\n\n\n\n<p>O presidente do Tribunal de Justi\u00e7a, desembargador M\u00e1rcio Murilo da Cunha Ramos, e o vice-presidente, desembargador Arn\u00f3bio Alves Teod\u00f3sio, assinaram nesta segunda-feira (02) o edital.<\/p>\n\n\n\n<p>O desembargador Arn\u00f3bio Alves Teod\u00f3sio, que preside a Comiss\u00e3o Organizadora do Concurso, declarou que \u201cfoi um concurso que demorou por conta de alguns percal\u00e7os que surgiram, mas a nossa inten\u00e7\u00e3o \u00e9 acelerar e concluir o mais r\u00e1pido poss\u00edvel\u201d.<\/p>\n\n\n\n<p>O presidente do TJPB, desembargador M\u00e1rcio Murilo, destacou que com a publica\u00e7\u00e3o do edital se cumpre o preceito constitucional de que deve haver concurso para essa \u00e1rea. \u201cTrata-se de um concurso oneroso e tivemos que remanejar verbas no Tribunal para cumprir a Constitui\u00e7\u00e3o Federal e prover estes cargos extrajudiciais mediante concurso de provas e t\u00edtulos. Ser\u00e1 um ato que valorizar\u00e1 a meritocracia\u201d, informou.<\/p>\n","protected":false},"excerpt":{"rendered":"<p>\u00a0O edital do concurso p\u00fablico dos Cart\u00f3rios Extrajudiciais foi publicado na edi\u00e7\u00e3o desta ter\u00e7a-feira (03) do Di\u00e1rio da Justi\u00e7a Eletr\u00f4nico. O Edital de Altera\u00e7\u00e3o complementa&hellip; <\/p>\n","protected":false},"author":1,"featured_media":113646,"comment_status":"closed","ping_status":"closed","sticky":false,"template":"","format":"standard","meta":{"sfsi_plus_gutenberg_text_before_share":"","sfsi_plus_gutenberg_show_text_before_share":"","sfsi_plus_gutenberg_icon_type":"","sfsi_plus_gutenberg_icon_alignemt":"","sfsi_plus_gutenburg_max_per_row":"","footnotes":""},"categories":[2],"tags":[],"class_list":["post-113644","post","type-post","status-publish","format-standard","has-post-thumbnail","hentry","category-geral"],"_links":{"self":[{"href":"https:\/\/www.caririemacao.com\/1\/wp-json\/wp\/v2\/posts\/113644","targetHints":{"allow":["GET"]}}],"collection":[{"href":"https:\/\/www.caririemacao.com\/1\/wp-json\/wp\/v2\/posts"}],"about":[{"href":"https:\/\/www.caririemacao.com\/1\/wp-json\/wp\/v2\/types\/post"}],"author":[{"embeddable":true,"href":"https:\/\/www.caririemacao.com\/1\/wp-json\/wp\/v2\/users\/1"}],"replies":[{"embeddable":true,"href":"https:\/\/www.caririemacao.com\/1\/wp-json\/wp\/v2\/comments?post=113644"}],"version-history":[{"count":1,"href":"https:\/\/www.caririemacao.com\/1\/wp-json\/wp\/v2\/posts\/113644\/revisions"}],"predecessor-version":[{"id":113647,"href":"https:\/\/www.caririemacao.com\/1\/wp-json\/wp\/v2\/posts\/113644\/revisions\/113647"}],"wp:featuredmedia":[{"embeddable":true,"href":"https:\/\/www.caririemacao.com\/1\/wp-json\/wp\/v2\/media\/113646"}],"wp:attachment":[{"href":"https:\/\/www.caririemacao.com\/1\/wp-json\/wp\/v2\/media?parent=113644"}],"wp:term":[{"taxonomy":"category","embeddable":true,"href":"https:\/\/www.caririemacao.com\/1\/wp-json\/wp\/v2\/categories?post=113644"},{"taxonomy":"post_tag","embeddable":true,"href":"https:\/\/www.caririemacao.com\/1\/wp-json\/wp\/v2\/tags?post=113644"}],"curies":[{"name":"wp","href":"https:\/\/api.w.org\/{rel}","templated":true}]}}