{"id":113663,"date":"2019-09-03T10:00:49","date_gmt":"2019-09-03T13:00:49","guid":{"rendered":"http:\/\/www.caririemacao.com\/1\/?p=113663"},"modified":"2019-09-03T10:00:49","modified_gmt":"2019-09-03T13:00:49","slug":"governo-libera-r-600-milhoes-para-destravar-pac-e-minha-casa-minha-vida","status":"publish","type":"post","link":"https:\/\/www.caririemacao.com\/1\/2019\/09\/03\/governo-libera-r-600-milhoes-para-destravar-pac-e-minha-casa-minha-vida\/","title":{"rendered":"Governo libera R$ 600 milh\u00f5es para destravar PAC e Minha Casa, Minha Vida"},"content":{"rendered":"\n<p>&nbsp;O Minist\u00e9rio da Economia publicou nesta segunda-feira (2) portaria que libera R$ 600 milh\u00f5es para destravar obras do PAC (Programa de Acelera\u00e7\u00e3o do Crescimento). Desse total, R$ 443 milh\u00f5es ser\u00e3o destinados ao programa de habita\u00e7\u00e3o Minha Casa, Minha Vida, de acordo com o Minist\u00e9rio do Desenvolvimento Regional.<\/p>\n\n\n\n<p>O dinheiro deve ajudar a aliviar os atrasos no programa. A Cbic (C\u00e2mara Brasileira da Ind\u00fastria da Constru\u00e7\u00e3o) afirma que as d\u00edvidas, que t\u00eam mais de 60 dias, superam os R$ 500 milh\u00f5es. Segundo a entidade, s\u00e3o 600 empresas e 200 mil trabalhadores s\u00e3o afetados pelo problema.<\/p>\n\n\n\n<p>&#8220;N\u00e3o \u00e9 o suficiente, n\u00e3o deve resolver 100% do atraso. Mas d\u00e1 um f\u00f4lego. Quando chegar em outubro e novembro, temos que ver novamente&#8221;, afirma Jos\u00e9 Carlos Martins, presidente da Cbic.<\/p>\n\n\n\n<p>No \u00faltimo trimestre do ano, o or\u00e7amento mensal dispon\u00edvel para o MDR \u00e9 de R$ 89,2 milh\u00f5es. S\u00f3 o Minha Casa, Minha Vida exigiria R$ 350 milh\u00f5es por m\u00eas, nas contas do presidente da Cbic.<\/p>\n\n\n\n<p>O problema com os atrasos n\u00e3o deve terminar neste ano, pois o or\u00e7amento para o programa \u00e9 ainda mais enxuto em 2020, diz Martins. &#8220;Estamos conversando com o governo. H\u00e1 sensibilidade da parte do ministro, dos secret\u00e1rio. Entendemos que est\u00e3o fazendo o que \u00e9 poss\u00edvel.&#8221;<\/p>\n\n\n\n<p>Martins estima que at\u00e9 a pr\u00f3xima quarta (4) as empresas devem come\u00e7ar a ser pagas.<br>O atraso nos pagamentos diz respeito a im\u00f3veis da faixa 1, que atende fam\u00edlias com renda de at\u00e9 R$ 1.800. No segmento, 90% do valor do im\u00f3vel \u00e9 financiado com recursos do OGU (Or\u00e7amento Geral da Uni\u00e3o).<\/p>\n\n\n\n<p>Em meados de agosto, o Minist\u00e9rio do Desenvolvimento Regional publicou portaria em que reduziu a R$ 450 milh\u00f5es no ano o subs\u00eddio do governo \u00e0s faixas do programa que usam recursos do fundo.<\/p>\n\n\n\n<p>Esse subs\u00eddio \u00e9 aplicado \u00e0s faixas 1,5 e 2 do MCMV, voltadas a fam\u00edlias com renda de R$ 1.800 a R$ 4.000. Nesses segmentos, 90% do subs\u00eddio vem de recursos do FGTS e 10%, do OGU. Para o ano inteiro, o valor seria de R$ 900 milh\u00f5es -o que caiu \u00e0 metade agora.<\/p>\n\n\n\n<p>O programa tem sofrido atrasos frequentes ao longo do ano. Em abril, construtoras amea\u00e7aram parar diante de um desembolso atrasado estimado em R$ 550 milh\u00f5es \u00e0 \u00e9poca. O governo liberou recursos para resolver o problema. Diante da possibilidade de derrota na C\u00e2mara dos Deputados de um projeto de cr\u00e9dito suplementar de R$ 248,9 bilh\u00f5es, em junho, tamb\u00e9m se comprometeu a liberar R$ 1 bilh\u00e3o para o programa.<\/p>\n\n\n\n<p>Os atrasos ocorrem em meio a discuss\u00f5es de uma reformula\u00e7\u00e3o do MCMV. At\u00e9 agora, o governo n\u00e3o apresentou projeto que vai mudar as regras para o programa habitacional. Em junho, o ministro Gustavo Canuto (Desenvolvimento Regional) apresentou, em comiss\u00e3o na C\u00e2mara, uma proposta de limitar o acesso ao MCMV a fam\u00edlias que tenham renda at\u00e9 sete sal\u00e1rios m\u00ednimos (R$ 6.986 atualmente, sem considerar fator de localiza\u00e7\u00e3o).<\/p>\n\n\n\n<p>Ele prop\u00f4s ainda reformula\u00e7\u00f5es que incluem capacita\u00e7\u00e3o profissional dos atendidos e redu\u00e7\u00e3o dos subs\u00eddios do governo federal no programa.<\/p>\n\n\n\n<p>Se a mudan\u00e7a entrar em vigor, na pr\u00e1tica as fam\u00edlias que ganham mais de sete sal\u00e1rios m\u00ednimos (R$ 6.986) e menos que R$ 9.000 deixam de ter acesso a taxas de juros menores que as praticadas em financiamentos com recursos da poupan\u00e7a, o chamado SBPE, e pelo mercado imobili\u00e1rio.<\/p>\n\n\n\n<p>O Minist\u00e9rio da Economia tamb\u00e9m discute mudan\u00e7as no programa habitacional. O subs\u00eddio do governo estaria vinculado \u00e0 doa\u00e7\u00e3o de terrenos da Uni\u00e3o, por exemplo.<\/p>\n","protected":false},"excerpt":{"rendered":"<p>&nbsp;O Minist\u00e9rio da Economia publicou nesta segunda-feira (2) portaria que libera R$ 600 milh\u00f5es para destravar obras do PAC (Programa de Acelera\u00e7\u00e3o do Crescimento). Desse&hellip; <\/p>\n","protected":false},"author":1,"featured_media":113665,"comment_status":"closed","ping_status":"closed","sticky":false,"template":"","format":"standard","meta":{"sfsi_plus_gutenberg_text_before_share":"","sfsi_plus_gutenberg_show_text_before_share":"","sfsi_plus_gutenberg_icon_type":"","sfsi_plus_gutenberg_icon_alignemt":"","sfsi_plus_gutenburg_max_per_row":"","footnotes":""},"categories":[11],"tags":[],"class_list":["post-113663","post","type-post","status-publish","format-standard","has-post-thumbnail","hentry","category-politica"],"_links":{"self":[{"href":"https:\/\/www.caririemacao.com\/1\/wp-json\/wp\/v2\/posts\/113663","targetHints":{"allow":["GET"]}}],"collection":[{"href":"https:\/\/www.caririemacao.com\/1\/wp-json\/wp\/v2\/posts"}],"about":[{"href":"https:\/\/www.caririemacao.com\/1\/wp-json\/wp\/v2\/types\/post"}],"author":[{"embeddable":true,"href":"https:\/\/www.caririemacao.com\/1\/wp-json\/wp\/v2\/users\/1"}],"replies":[{"embeddable":true,"href":"https:\/\/www.caririemacao.com\/1\/wp-json\/wp\/v2\/comments?post=113663"}],"version-history":[{"count":1,"href":"https:\/\/www.caririemacao.com\/1\/wp-json\/wp\/v2\/posts\/113663\/revisions"}],"predecessor-version":[{"id":113666,"href":"https:\/\/www.caririemacao.com\/1\/wp-json\/wp\/v2\/posts\/113663\/revisions\/113666"}],"wp:featuredmedia":[{"embeddable":true,"href":"https:\/\/www.caririemacao.com\/1\/wp-json\/wp\/v2\/media\/113665"}],"wp:attachment":[{"href":"https:\/\/www.caririemacao.com\/1\/wp-json\/wp\/v2\/media?parent=113663"}],"wp:term":[{"taxonomy":"category","embeddable":true,"href":"https:\/\/www.caririemacao.com\/1\/wp-json\/wp\/v2\/categories?post=113663"},{"taxonomy":"post_tag","embeddable":true,"href":"https:\/\/www.caririemacao.com\/1\/wp-json\/wp\/v2\/tags?post=113663"}],"curies":[{"name":"wp","href":"https:\/\/api.w.org\/{rel}","templated":true}]}}