{"id":113693,"date":"2019-09-03T11:27:12","date_gmt":"2019-09-03T14:27:12","guid":{"rendered":"http:\/\/www.caririemacao.com\/1\/?p=113693"},"modified":"2019-09-03T11:28:19","modified_gmt":"2019-09-03T14:28:19","slug":"sume-tem-apenas-15-habitantes-a-menos-do-que-o-necessario-para-receber-novo-coeficiente-de-fpm-prefeito-recorrera-da-projecao-do-ibge","status":"publish","type":"post","link":"https:\/\/www.caririemacao.com\/1\/2019\/09\/03\/sume-tem-apenas-15-habitantes-a-menos-do-que-o-necessario-para-receber-novo-coeficiente-de-fpm-prefeito-recorrera-da-projecao-do-ibge\/","title":{"rendered":"Sum\u00e9 tem apenas 15 habitantes a menos do que o necess\u00e1rio para receber novo coeficiente de FPM; prefeito recorrer\u00e1 da proje\u00e7\u00e3o do IBGE"},"content":{"rendered":"\n<div class=\"wp-block-image\"><figure class=\"aligncenter\"><img decoding=\"async\" data-src=\"http:\/\/deolhonocariri.com.br\/wp-content\/uploads\/2019\/06\/EDEN-600x367.jpg\" alt=\"\" class=\"wp-image-68062 lazyload\" src=\"data:image\/svg+xml;base64,PHN2ZyB3aWR0aD0iMSIgaGVpZ2h0PSIxIiB4bWxucz0iaHR0cDovL3d3dy53My5vcmcvMjAwMC9zdmciPjwvc3ZnPg==\" style=\"--smush-placeholder-width: 600px; --smush-placeholder-aspect-ratio: 600\/367;\" \/><\/figure><\/div>\n\n\n\n<p>Nove cidades da Para\u00edba podem recorrer \u00e0 estimativa populacional divulgada pelo Instituto Brasileiro de Geografia e Estat\u00edstica (IBGE) para tentar receber incrementos do Fundo de Participa\u00e7\u00e3o dos Munic\u00edpios (FPM). Desses, a cidade de Sum\u00e9, no Cariri da Para\u00edba, \u00e9 a que precisa da menor quantidade de habitantes a mais para avan\u00e7ar no coeficiente do FPM.<\/p>\n\n\n\n<p>Sum\u00e9 possui uma popula\u00e7\u00e3o estimada em 16.966 habitantes e seria preciso apenas mais 15 pessoas para que cidade se qualificasse ao pr\u00f3ximo coeficiente. Conforme a Confedera\u00e7\u00e3o Nacional de Munic\u00edpios (CNM), as cidades de Arara, Catol\u00e9 do Rocha, Juru, Mogeiro, Mulungu, Princesa Isabel, Queimadas, Umbuzeiro e Sum\u00e9 precisariam de um acr\u00e9scimo de at\u00e9 500 habitantes para essa qualifica\u00e7\u00e3o e, portanto, podem recorrer do \u00edndice levantado pelo IBGE.<\/p>\n\n\n\n<p>Segundo o prefeito de Sum\u00e9, \u00c9den Duarte, \u00e9 injusto um munic\u00edpio que falta t\u00e3o pouco para atingir o \u00edndice necess\u00e1rio para requalifica\u00e7\u00e3o receber o mesmo repasse de FPM que outras cidades com popula\u00e7\u00e3o bem mais pr\u00f3xima do valor m\u00ednimo exigido.<\/p>\n\n\n\n<p>\u00c9den disse que vai solicitar recontagem por parte do IBGE, mas confirmou tamb\u00e9m que est\u00e1 pleiteando junto a CNM e ao senador Veneziano Vital do R\u00eago uma proposta de transi\u00e7\u00e3o para cidades cuja popula\u00e7\u00e3o esteja muito pr\u00f3xima de atingir o \u00edndice para novo coeficiente.<\/p>\n","protected":false},"excerpt":{"rendered":"<p>Nove cidades da Para\u00edba podem recorrer \u00e0 estimativa populacional divulgada pelo Instituto Brasileiro de Geografia e Estat\u00edstica (IBGE) para tentar receber incrementos do Fundo de&hellip; <\/p>\n","protected":false},"author":1,"featured_media":113420,"comment_status":"closed","ping_status":"closed","sticky":false,"template":"","format":"standard","meta":{"sfsi_plus_gutenberg_text_before_share":"","sfsi_plus_gutenberg_show_text_before_share":"","sfsi_plus_gutenberg_icon_type":"","sfsi_plus_gutenberg_icon_alignemt":"","sfsi_plus_gutenburg_max_per_row":"","footnotes":""},"categories":[2],"tags":[],"class_list":["post-113693","post","type-post","status-publish","format-standard","has-post-thumbnail","hentry","category-geral"],"_links":{"self":[{"href":"https:\/\/www.caririemacao.com\/1\/wp-json\/wp\/v2\/posts\/113693","targetHints":{"allow":["GET"]}}],"collection":[{"href":"https:\/\/www.caririemacao.com\/1\/wp-json\/wp\/v2\/posts"}],"about":[{"href":"https:\/\/www.caririemacao.com\/1\/wp-json\/wp\/v2\/types\/post"}],"author":[{"embeddable":true,"href":"https:\/\/www.caririemacao.com\/1\/wp-json\/wp\/v2\/users\/1"}],"replies":[{"embeddable":true,"href":"https:\/\/www.caririemacao.com\/1\/wp-json\/wp\/v2\/comments?post=113693"}],"version-history":[{"count":2,"href":"https:\/\/www.caririemacao.com\/1\/wp-json\/wp\/v2\/posts\/113693\/revisions"}],"predecessor-version":[{"id":113701,"href":"https:\/\/www.caririemacao.com\/1\/wp-json\/wp\/v2\/posts\/113693\/revisions\/113701"}],"wp:featuredmedia":[{"embeddable":true,"href":"https:\/\/www.caririemacao.com\/1\/wp-json\/wp\/v2\/media\/113420"}],"wp:attachment":[{"href":"https:\/\/www.caririemacao.com\/1\/wp-json\/wp\/v2\/media?parent=113693"}],"wp:term":[{"taxonomy":"category","embeddable":true,"href":"https:\/\/www.caririemacao.com\/1\/wp-json\/wp\/v2\/categories?post=113693"},{"taxonomy":"post_tag","embeddable":true,"href":"https:\/\/www.caririemacao.com\/1\/wp-json\/wp\/v2\/tags?post=113693"}],"curies":[{"name":"wp","href":"https:\/\/api.w.org\/{rel}","templated":true}]}}