{"id":113709,"date":"2019-09-03T11:58:46","date_gmt":"2019-09-03T14:58:46","guid":{"rendered":"http:\/\/www.caririemacao.com\/1\/?p=113709"},"modified":"2019-09-03T11:58:46","modified_gmt":"2019-09-03T14:58:46","slug":"um-dia-apos-sos-transposicao-governo-admite-falha-em-obra-e-garante-solucao-em-90-dias","status":"publish","type":"post","link":"https:\/\/www.caririemacao.com\/1\/2019\/09\/03\/um-dia-apos-sos-transposicao-governo-admite-falha-em-obra-e-garante-solucao-em-90-dias\/","title":{"rendered":"Um dia ap\u00f3s \u201cSOS TRANSPOSI\u00c7\u00c3O\u201d, governo admite falha em obra e garante solu\u00e7\u00e3o em 90 dias"},"content":{"rendered":"\n<p>Nesta segunda-feira o Minist\u00e9rio do Desenvolvimento Regional divulgou nota oficial sobre a paralisa\u00e7\u00e3o no bombeamento da Transposi\u00e7\u00e3o do Rio S\u00e3o Francisco, no eixo leste que des\u00e1gua no rio Para\u00edba, regi\u00e3o do cariri. A nota foi emitida um dia ap\u00f3s pol\u00edticos estaduais e lideran\u00e7as promoverem uma manifesta\u00e7\u00e3o, em Monteiro.<\/p>\n\n\n\n<p>O ministro do Desenvolvimento Regional, Gustavo Canuto, garantiu a bancada federal paraibana que a solu\u00e7\u00e3o do problema ser\u00e1 resolvido em 90 dias.<\/p>\n\n\n\n<p>Confira a nota:<\/p>\n\n\n\n<p><em>1. \u00c9 importante destacar que a regi\u00e3o Nordeste \u00e9 uma prioridade para o governo do presidente Jair Bolsonaro. No primeiro semestre deste ano, o MDR destinou cerca de 50% dos recursos da Pasta para a\u00e7\u00f5es e obras que promovam o desenvolvimento da localidade.<\/em><\/p>\n\n\n\n<p><em>2. Destaca-se que a atual gest\u00e3o tem seguido rigorosamente os protocolos de enchimento do sistema recomendados pela Ag\u00eancia Nacional de \u00c1guas (ANA), prezando, em primeiro lugar, pela seguran\u00e7a da popula\u00e7\u00e3o que vive nas imedia\u00e7\u00f5es do empreendimento e, tamb\u00e9m dos trabalhadores e integridade do patrim\u00f4nio p\u00fablico.<\/em><\/p>\n\n\n\n<p><em>3. Desde ent\u00e3o, preocupado em finalizar os servi\u00e7os com responsabilidade, qualidade e seguran\u00e7a, o MDR tem trabalhado para sanear problemas identificados no trecho, como \u00e9 o caso das avarias encontradas nos canais, entre Sert\u00e2nia (PE) e Monteiro (PB), e a necessidade de inspe\u00e7\u00e3o na barragem Cacimba Nova, em Cust\u00f3dia (PE).<\/em><\/p>\n\n\n\n<p><em>4. Em inspe\u00e7\u00e3o realizada, em abril, ap\u00f3s interrup\u00e7\u00e3o do bombeamento do Eixo Leste, constatou-se que os danos nos canais se estendem por 2,1 km dos 217 km do Eixo Leste. Verificou-se tamb\u00e9m que tais danos n\u00e3o comprometem a estrutura e a opera\u00e7\u00e3o do sistema.<\/em><\/p>\n\n\n\n<p><em>5. Esses servi\u00e7os de recupera\u00e7\u00e3o est\u00e3o inclu\u00eddos no invent\u00e1rio realizado \u2013 entre mar\u00e7o e agosto \u2013 pela supervisora da obra e ser\u00e3o licitados em conjunto com os itens necess\u00e1rios \u00e0 conclus\u00e3o definitiva, como drenagem, tratamento de taludes, entre outros. Os trabalhos foram minuciosos com verifica\u00e7\u00e3o in loco de cada item executado pela empresa. Os \u00faltimos dois contratos rescindidos do Eixo Leste s\u00e3o oriundos de servi\u00e7os remanescentes de outros cinco contratos dos \u00faltimos anos.<\/em><\/p>\n\n\n\n<p><em>6. A construtora n\u00e3o cumpriu o planejamento estabelecido \u00e0 \u00e9poca. Os servi\u00e7os complementares foram realizados at\u00e9 dezembro de 2018. Ap\u00f3s a empresa n\u00e3o retomar as atividades, o contrato foi rescindido, em abril, unilateralmente pelo MDR.<\/em><\/p>\n\n\n\n<p><em>7. A empresa supervisora identificou a necessidade de recuperar alguns servi\u00e7os realizados no trecho de 2,1 km de canais do Eixo Leste, constru\u00eddos entre 2016 e 2017. Neste ano, o MDR abriu cinco processos para aplica\u00e7\u00e3o de penalidades \u2013 previstas nos contratos celebrados com a construtora -, multa rescis\u00f3ria e apura\u00e7\u00e3o dos preju\u00edzos \u00e0 Pasta;<\/em><\/p>\n\n\n\n<p><em>8. Cabe destacar que n\u00e3o haver\u00e1, em hip\u00f3tese alguma, pagamento em duplicidade de servi\u00e7os. As interven\u00e7\u00f5es que necessitarem de recupera\u00e7\u00e3o ser\u00e3o cobradas das empresas respons\u00e1veis.<\/em><\/p>\n\n\n\n<p><em>9 .\u00c9 importante esclarecer ainda que o trecho de canal com avarias entre o t\u00fanel Giancarlo e a adutora Monteiro, foi projetado com revestimento em concreto poroso \u2013 sem a utiliza\u00e7\u00e3o da manta de impermeabiliza\u00e7\u00e3o. O objetivo \u00e9 permitir a passagem da \u00e1gua entre o len\u00e7ol fre\u00e1tico e o canal.<\/em><\/p>\n\n\n\n<p><em>10. As atividades de limpeza dos trechos s\u00e3o feitas semestralmente tendo em vista o ciclo de chuva da regi\u00e3o. Ressaltamos que a demanda de limpeza diminuir\u00e1 significativamente quando conclu\u00edda a drenagem e os tratamentos dos taludes \u2013 objeto de processo de licita\u00e7\u00e3o em andamento.<\/em><\/p>\n\n\n\n<p><em>11. As esta\u00e7\u00f5es elevat\u00f3rias contam com vigil\u00e2ncia 24 horas e as equipes de opera\u00e7\u00e3o est\u00e3o reduzidas, entre segunda e sexta-feira, enquanto os servi\u00e7os de bombeamento estiverem interrompidos.<\/em><\/p>\n\n\n\n<p><em>12. Em aten\u00e7\u00e3o \u00e0 barragem Cacimba Nova, a empresa pr\u00e9-operadora do trecho realiza, no momento, estudo e per\u00edcia para identificar os ajustes t\u00e9cnicos necess\u00e1rios \u00e0 estrutura, bem como indicar a\u00e7\u00f5es preventivas e de reparo que dever\u00e3o ser feitas para que o bombeamento possa ser retomado. A previs\u00e3o \u00e9 que os estudos geof\u00edsicos sejam conclu\u00eddos nos pr\u00f3ximos 30 dias.<\/em><\/p>\n\n\n\n<p><em>13. Por recomenda\u00e7\u00e3o da Ag\u00eancia Nacional de \u00c1guas (ANA), em abril de 2019, o bombeamento do Eixo Leste foi interrompido parar averiguar a seguran\u00e7a do reservat\u00f3rio Cacimba Nova. Ap\u00f3s investiga\u00e7\u00f5es na barragem, a estrutura foi liberada em julho para novas avalia\u00e7\u00f5es \u2013 o que incluiu a retomada do bombeamento. Contudo, em agosto, os equipamentos de monitoramento emitiram alerta durante a fase final de enchimento da barragem. E o MDR determinou a interrup\u00e7\u00e3o da atividade.<\/em><\/p>\n\n\n\n<p><em>14. Mesmo em pr\u00e9-opera\u00e7\u00e3o, o Eixo Leste abastece mais de um milh\u00e3o de pessoas em 46 munic\u00edpios, sendo 12 em Pernambuco e 34 na Para\u00edba. O reservat\u00f3rio Boqueir\u00e3o est\u00e1 hoje com 21,12% da sua capacidade com \u00e1guas do S\u00e3o Francisco e assegura o atendimento das cidades paraibanas. O a\u00e7ude Cordeiro, que deriva a adutora do Congo, tamb\u00e9m abastecer\u00e1 a regi\u00e3o por pelo menos quatro meses. J\u00e1 em Pernambuco, a adutora de Moxot\u00f3 atende \u00e0 demanda h\u00eddrica por, no m\u00ednimo, tr\u00eas meses.<\/em><\/p>\n\n\n\n<p><em>15.O Minist\u00e9rio do Desenvolvimento Regional reafirma seu comprometimento em finalizar as obras do Projeto S\u00e3o Francisco \u2013 que j\u00e1 receberam investimentos de R$ 10,6 bilh\u00f5es \u2013 para que o sistema cumpra seu papel de garantir a seguran\u00e7a h\u00eddrica das regi\u00f5es que sofrem com longos per\u00edodos de estiagem.<\/em><\/p>\n","protected":false},"excerpt":{"rendered":"<p>Nesta segunda-feira o Minist\u00e9rio do Desenvolvimento Regional divulgou nota oficial sobre a paralisa\u00e7\u00e3o no bombeamento da Transposi\u00e7\u00e3o do Rio S\u00e3o Francisco, no eixo leste que&hellip; <\/p>\n","protected":false},"author":1,"featured_media":110361,"comment_status":"closed","ping_status":"closed","sticky":false,"template":"","format":"standard","meta":{"sfsi_plus_gutenberg_text_before_share":"","sfsi_plus_gutenberg_show_text_before_share":"","sfsi_plus_gutenberg_icon_type":"","sfsi_plus_gutenberg_icon_alignemt":"","sfsi_plus_gutenburg_max_per_row":"","footnotes":""},"categories":[11],"tags":[],"class_list":["post-113709","post","type-post","status-publish","format-standard","has-post-thumbnail","hentry","category-politica"],"_links":{"self":[{"href":"https:\/\/www.caririemacao.com\/1\/wp-json\/wp\/v2\/posts\/113709","targetHints":{"allow":["GET"]}}],"collection":[{"href":"https:\/\/www.caririemacao.com\/1\/wp-json\/wp\/v2\/posts"}],"about":[{"href":"https:\/\/www.caririemacao.com\/1\/wp-json\/wp\/v2\/types\/post"}],"author":[{"embeddable":true,"href":"https:\/\/www.caririemacao.com\/1\/wp-json\/wp\/v2\/users\/1"}],"replies":[{"embeddable":true,"href":"https:\/\/www.caririemacao.com\/1\/wp-json\/wp\/v2\/comments?post=113709"}],"version-history":[{"count":1,"href":"https:\/\/www.caririemacao.com\/1\/wp-json\/wp\/v2\/posts\/113709\/revisions"}],"predecessor-version":[{"id":113711,"href":"https:\/\/www.caririemacao.com\/1\/wp-json\/wp\/v2\/posts\/113709\/revisions\/113711"}],"wp:featuredmedia":[{"embeddable":true,"href":"https:\/\/www.caririemacao.com\/1\/wp-json\/wp\/v2\/media\/110361"}],"wp:attachment":[{"href":"https:\/\/www.caririemacao.com\/1\/wp-json\/wp\/v2\/media?parent=113709"}],"wp:term":[{"taxonomy":"category","embeddable":true,"href":"https:\/\/www.caririemacao.com\/1\/wp-json\/wp\/v2\/categories?post=113709"},{"taxonomy":"post_tag","embeddable":true,"href":"https:\/\/www.caririemacao.com\/1\/wp-json\/wp\/v2\/tags?post=113709"}],"curies":[{"name":"wp","href":"https:\/\/api.w.org\/{rel}","templated":true}]}}