{"id":113724,"date":"2019-09-03T12:37:53","date_gmt":"2019-09-03T15:37:53","guid":{"rendered":"http:\/\/www.caririemacao.com\/1\/?p=113724"},"modified":"2019-09-03T12:37:53","modified_gmt":"2019-09-03T15:37:53","slug":"joao-azevedo-anuncia-inscricoes-do-empreender-cultural-para-sexta-feira","status":"publish","type":"post","link":"https:\/\/www.caririemacao.com\/1\/2019\/09\/03\/joao-azevedo-anuncia-inscricoes-do-empreender-cultural-para-sexta-feira\/","title":{"rendered":"Jo\u00e3o Azev\u00eado anuncia inscri\u00e7\u00f5es do Empreender Cultural para sexta-feira"},"content":{"rendered":"\n<p>As inscri\u00e7\u00f5es para a linha de cr\u00e9dito Empreender Cultural ser\u00e3o realizadas na pr\u00f3xima sexta-feira (6), das 8h \u00e0s 17h, pela internet. O an\u00fancio foi feito pelo governador Jo\u00e3o Azev\u00eado, nesta segunda-feira (2), durante o programa semanal \u2018Fala, governador\u2019, transmitido em cadeia estadual pela R\u00e1dio Tabajara.<\/p>\n\n\n\n<p>O Empreender Cultural vai selecionar 78 empreendimentos, com financiamento de at\u00e9 R$ 80 mil, sendo escolhidas seis propostas por Regional de Cultura, al\u00e9m da destina\u00e7\u00e3o de uma cota especial de seis projetos para Alagoa Grande, em comemora\u00e7\u00e3o ao centen\u00e1rio de Jackson do Pandeiro, garantindo a distribui\u00e7\u00e3o regional desses recursos.<\/p>\n\n\n\n<p>Poder\u00e3o se inscrever pessoas f\u00edsicas e jur\u00eddicas, cuja atua\u00e7\u00e3o empresarial esteja relacionada \u00e0 \u00e1rea da cultura, a exemplo de est\u00fadios de som, grupos de teatro, companhias de dan\u00e7a, produtores de itens artesanais e produtores de games. As informa\u00e7\u00f5es sobre a documenta\u00e7\u00e3o necess\u00e1ria estar\u00e3o dispon\u00edveis na p\u00e1gina da Secretaria da Cultura no portal do Governo do Estado (<strong><a href=\"http:\/\/www.paraiba.pb.gov.br\/cultura\" target=\"_blank\" rel=\"noreferrer noopener\">www.paraiba.pb.gov.br\/cultura<\/a><\/strong>).<\/p>\n\n\n\n<p>\u201cEssa \u00e9 uma a\u00e7\u00e3o muito importante para mostrar, mais uma vez, que a Para\u00edba tem aten\u00e7\u00e3o com a cultura e nada melhor do que fazer com que essa preocupa\u00e7\u00e3o saia do discurso e seja colocada em pr\u00e1tica, financiando e chegando com recursos para que os eventos possam acontecer\u201d, frisou o governador.<\/p>\n\n\n\n<p><strong>Agenda de sexta-feira \u2013&nbsp;<\/strong>Na sexta-feira, o chefe do Executivo estadual visitar\u00e1 os munic\u00edpios de Riach\u00e3o do Po\u00e7o, Sap\u00e9 e Mari. Em Riach\u00e3o do Po\u00e7o, ele far\u00e1 a entrega do Conjunto \u2018Minha Morada\u2019, que recebeu investimentos de R$ 1,7 milh\u00e3o e ira contemplar 48 fam\u00edlias. Em Sap\u00e9, o governador far\u00e1 a entrega de pavimenta\u00e7\u00e3o asf\u00e1ltica. J\u00e1 em Mari, ser\u00e1 realizada a entrega da reforma e amplia\u00e7\u00e3o da Escola Augusto dos Anjos, que recebeu recursos na ordem de R$ 1,1 milh\u00e3o, e ir\u00e1 assinar 20 contratos do programa Empreender Para\u00edba.<\/p>\n","protected":false},"excerpt":{"rendered":"<p>As inscri\u00e7\u00f5es para a linha de cr\u00e9dito Empreender Cultural ser\u00e3o realizadas na pr\u00f3xima sexta-feira (6), das 8h \u00e0s 17h, pela internet. O an\u00fancio foi feito&hellip; <\/p>\n","protected":false},"author":1,"featured_media":111206,"comment_status":"closed","ping_status":"closed","sticky":false,"template":"","format":"standard","meta":{"sfsi_plus_gutenberg_text_before_share":"","sfsi_plus_gutenberg_show_text_before_share":"","sfsi_plus_gutenberg_icon_type":"","sfsi_plus_gutenberg_icon_alignemt":"","sfsi_plus_gutenburg_max_per_row":"","footnotes":""},"categories":[2],"tags":[],"class_list":["post-113724","post","type-post","status-publish","format-standard","has-post-thumbnail","hentry","category-geral"],"_links":{"self":[{"href":"https:\/\/www.caririemacao.com\/1\/wp-json\/wp\/v2\/posts\/113724","targetHints":{"allow":["GET"]}}],"collection":[{"href":"https:\/\/www.caririemacao.com\/1\/wp-json\/wp\/v2\/posts"}],"about":[{"href":"https:\/\/www.caririemacao.com\/1\/wp-json\/wp\/v2\/types\/post"}],"author":[{"embeddable":true,"href":"https:\/\/www.caririemacao.com\/1\/wp-json\/wp\/v2\/users\/1"}],"replies":[{"embeddable":true,"href":"https:\/\/www.caririemacao.com\/1\/wp-json\/wp\/v2\/comments?post=113724"}],"version-history":[{"count":1,"href":"https:\/\/www.caririemacao.com\/1\/wp-json\/wp\/v2\/posts\/113724\/revisions"}],"predecessor-version":[{"id":113726,"href":"https:\/\/www.caririemacao.com\/1\/wp-json\/wp\/v2\/posts\/113724\/revisions\/113726"}],"wp:featuredmedia":[{"embeddable":true,"href":"https:\/\/www.caririemacao.com\/1\/wp-json\/wp\/v2\/media\/111206"}],"wp:attachment":[{"href":"https:\/\/www.caririemacao.com\/1\/wp-json\/wp\/v2\/media?parent=113724"}],"wp:term":[{"taxonomy":"category","embeddable":true,"href":"https:\/\/www.caririemacao.com\/1\/wp-json\/wp\/v2\/categories?post=113724"},{"taxonomy":"post_tag","embeddable":true,"href":"https:\/\/www.caririemacao.com\/1\/wp-json\/wp\/v2\/tags?post=113724"}],"curies":[{"name":"wp","href":"https:\/\/api.w.org\/{rel}","templated":true}]}}