{"id":113728,"date":"2019-09-03T13:17:15","date_gmt":"2019-09-03T16:17:15","guid":{"rendered":"http:\/\/www.caririemacao.com\/1\/?p=113728"},"modified":"2019-09-03T13:17:15","modified_gmt":"2019-09-03T16:17:15","slug":"divulgado-resultado-da-pre-selecao-de-musicas-do-i-festival-ze-marcolino","status":"publish","type":"post","link":"https:\/\/www.caririemacao.com\/1\/2019\/09\/03\/divulgado-resultado-da-pre-selecao-de-musicas-do-i-festival-ze-marcolino\/","title":{"rendered":"Divulgado resultado da pr\u00e9-sele\u00e7\u00e3o de m\u00fasicas do I Festival Z\u00e9 Marcolino"},"content":{"rendered":"\n<p><strong>COMISS\u00c3O ORGANIZADORA DE FISCALIZA\u00c7\u00c3O E ACOMPANHAMENTO<\/strong><\/p>\n\n\n\n<p><strong>PORTARIA N\u00ba 004\/2019\/SEDUC<\/strong><\/p>\n\n\n\n<p>A Presidente da COMISS\u00c3O ORGANIZADORA DE FISCALIZA\u00c7\u00c3O E ACOMPANHAMENTO do<strong>&nbsp;I<\/strong>&nbsp;<strong>FESTIVAL DE M\u00daSICA Z\u00c9 MARCOLINO,&nbsp;<\/strong>institu\u00edda pela Portaria N\u00ba 004\/2019\/SEDUC, no uso de suas atribui\u00e7\u00f5es legais, e pelas disposi\u00e7\u00f5es regulamentares contidas nos Editais e seus anexos, torna p\u00fablico<strong>&nbsp;O RESULTADO DA PR\u00c9-SELE\u00c7\u00c3O DAS M\u00daSICAS<\/strong>, conforme previsto nos itens 3.3 e 3.4 dos Editais. Os candidatos podem entrar com recurso sobre o resultado at\u00e9 as 14h desta quarta-feira, 04 de setembro.<\/p>\n\n\n\n<table class=\"wp-block-table\"><tbody><tr><td><strong>Autor Da M\u00fasica<\/strong><\/td><td><strong>Inscri\u00e7\u00e3o<\/strong><\/td><td><strong>Nome Da M\u00fasica<\/strong><\/td><td><strong>M+L+P= PF<\/strong><\/td><td><strong>Situa\u00e7\u00e3o<\/strong><\/td><\/tr><tr><td><strong>Jorge Pereira de Andrade e Erasmo Rom\u00e3o<\/strong><\/td><td>022\/2019<\/td><td>A Chuva Espantando a Sede<\/td><td>9+10+9= 28<\/td><td><strong>CLASSIFICADO<\/strong><\/td><\/tr><tr><td><strong>Pedro Ernesto Ferreira de Fran\u00e7a<\/strong><\/td><td>023\/2019<\/td><td>Falando com o Cora\u00e7\u00e3o<\/td><td>10+9+9= 28<\/td><td><strong>CLASSIFICADO<\/strong><\/td><\/tr><tr><td><strong>Genildo Maciel da Silva<\/strong><\/td><td>017\/2019<\/td><td>Maria<\/td><td>8+10+9= 27<\/td><td><strong>CLASSIFICADO<\/strong><\/td><\/tr><tr><td><strong>Josivan Azev\u00eado Batista<\/strong><\/td><td>001\/2019<\/td><td>Z\u00e9 Marcolino \u00e9 Arte em Forma de Poesia<\/td><td>9+9+9= 27<\/td><td><strong>CLASSIFICADO<\/strong><\/td><\/tr><tr><td><strong>Jos\u00e9 Alberto Batista da Silva<\/strong><\/td><td>003\/2019<\/td><td>Um Aboio de Saudade<\/td><td>8+9+9= 26<\/td><td><strong>CLASSIFICADO<\/strong><\/td><\/tr><tr><td><strong>Vanderlei Batista Alves<\/strong><\/td><td>013\/2019<\/td><td>Cidade Querida<\/td><td>9+8+8= 25<\/td><td><strong>CLASSIFICADO<\/strong><\/td><\/tr><tr><td><strong>Alysson Eryke Ferreira da Silva<\/strong><\/td><td>024\/2019<\/td><td>Ponto Final<\/td><td>8+9+8= 25<\/td><td><strong>CLASSIFICADO<\/strong><\/td><\/tr><tr><td><strong>Josinaldo Jos\u00e9 de Oliveira<\/strong><\/td><td>002\/2019<\/td><td>Naquele Tempo<\/td><td>9+8+7= 24<\/td><td><strong>CLASSIFICADO<\/strong><\/td><\/tr><tr><td><strong>Ubirajara Ant\u00f4nio Pereira Mariano<\/strong><\/td><td>011\/2019<\/td><td>Coisa Mar Bonita<\/td><td>8+8+8= 24<\/td><td><strong>CLASSIFICADO<\/strong><\/td><\/tr><tr><td><strong>Emerson Carlo da Silva Rocha<\/strong><\/td><td>008\/2019<\/td><td>Filho de Sum\u00e9<\/td><td>8+9+7= 24<\/td><td><strong>CLASSIFICADO<\/strong><\/td><\/tr><tr><td><strong>S\u00e9rgio Murilo Carneiro Vilar \u2013 019\/2019<\/strong><\/td><td>019\/2019<\/td><td>Forr\u00f3 n\u00e3o tem Fronteira<\/td><td>7+8+8= 23<\/td><td>DESCLASSIFICADO<\/td><\/tr><tr><td><strong>Ism\u00eania Theresa Santos Leal<\/strong><\/td><td>021\/2019<\/td><td>Baladas de Lua<\/td><td>8+8+7= 23<\/td><td>DESCLASSIFICADO<\/td><\/tr><tr><td><strong>Dami\u00e3o Evangelista de Lima Fernandes<\/strong><\/td><td>004\/2019<\/td><td>Cofre da Saudade<\/td><td>8+7+7= 22<\/td><td>DESCLASSIFICADO<\/td><\/tr><tr><td><strong>Reginaldo Ferreira da Silva<\/strong><\/td><td>005\/2019<\/td><td>Saudade do Passado<\/td><td>7+7+7= 21<\/td><td>DESCLASSIFICADO<\/td><\/tr><tr><td><strong>Cloves Ferreira da Silva<\/strong><\/td><td>012\/2019<\/td><td>Amor de Junho<\/td><td>7+7+7= 21<\/td><td>DESCLASSIFICADO<\/td><\/tr><tr><td><strong>Rog\u00e9rio Cleby Lima de Ara\u00fajo<\/strong><\/td><td>018\/2019<\/td><td>N\u00e3o Nego N\u00e3o<\/td><td>7+7+7= 21<\/td><td>DESCLASSIFICADO<\/td><\/tr><tr><td><strong>Suetone Ferreira<\/strong><\/td><td>020\/2019<\/td><td>Nordeste \u00e9 Minha Terra<\/td><td>6+7+7= 20<\/td><td>DESCLASSIFICADO<\/td><\/tr><tr><td><strong>Francisco de Assis Ferreira de Souza<\/strong><\/td><td>006\/2019<\/td><td>Casinha Nordestina<\/td><td>6+6+7= 19<\/td><td>DESCLASSIFICADO<\/td><\/tr><tr><td><strong>Pl\u00ednio Fabr\u00edcio da Silva Nunes Brito<\/strong><\/td><td>014\/2019<\/td><td>Lamento Pi\u00e1<\/td><td>7+7+5= 19<\/td><td>DESCLASSIFICADO<\/td><\/tr><tr><td><strong>Jos\u00e9 Mineiro de Queiroz<\/strong><\/td><td>010\/2019<\/td><td>O Mito Z\u00e9 Marcolino<\/td><td>6+6+6= 18<\/td><td>DESCLASSIFICADO<\/td><\/tr><tr><td><strong>Amauri Dias dos Santos<\/strong><\/td><td>007\/2019<\/td><td>Caboclo Cantador<\/td><td>6+6+6= 18<\/td><td>DESCLASSIFICADO<\/td><\/tr><tr><td><strong>Francisco Fontinele Feitosa Santa Cruz<\/strong><\/td><td>015\/2019<\/td><td>Saudade Encravada<\/td><td>5+7+6= 18<\/td><td>DESCLASSIFICADO<\/td><\/tr><tr><td><strong>Natal\u00edcio Pereira da Cruz<\/strong><\/td><td>016\/2019<\/td><td>Belezas do S\u00e3o Francisco<\/td><td>6+6+6= 18<\/td><td>DESCLASSIFICADO<\/td><\/tr><tr><td><strong>Artur Alan Melo Carneiro de Oliveira<\/strong><\/td><td>009\/2019<\/td><td>O Nordeste \u00e9 meu Pa\u00eds<\/td><td>5+5+5= 15<\/td><td>DESCLASSIFICADO<\/td><\/tr><\/tbody><\/table>\n\n\n\n<p><strong>M= Melodia;&nbsp;<\/strong><strong>&nbsp;&nbsp;&nbsp;&nbsp;&nbsp;&nbsp;&nbsp;&nbsp;&nbsp;&nbsp; L= Letra; &nbsp;&nbsp;&nbsp;&nbsp; P= Poesia;&nbsp;&nbsp; PF= Pontua\u00e7\u00e3o Final<\/strong><\/p>\n\n\n\n<p><strong>**<\/strong>&nbsp;A Pontua\u00e7\u00e3o das m\u00fasicas seguem conforme disposto no item 3.3 do Edital 001\/2019, representado pelas legendas acima descritas.<\/p>\n\n\n\n<p>Sum\u00e9, Para\u00edba, 03 de setembro de 2019.<\/p>\n\n\n\n<p><strong>L\u00edlian Tinalli Nunes de Sousa<\/strong><\/p>\n\n\n\n<p>Presidente da Comiss\u00e3o<\/p>\n","protected":false},"excerpt":{"rendered":"<p>COMISS\u00c3O ORGANIZADORA DE FISCALIZA\u00c7\u00c3O E ACOMPANHAMENTO PORTARIA N\u00ba 004\/2019\/SEDUC A Presidente da COMISS\u00c3O ORGANIZADORA DE FISCALIZA\u00c7\u00c3O E ACOMPANHAMENTO do&nbsp;I&nbsp;FESTIVAL DE M\u00daSICA Z\u00c9 MARCOLINO,&nbsp;institu\u00edda pela Portaria&hellip; <\/p>\n","protected":false},"author":1,"featured_media":113731,"comment_status":"closed","ping_status":"closed","sticky":false,"template":"","format":"standard","meta":{"sfsi_plus_gutenberg_text_before_share":"","sfsi_plus_gutenberg_show_text_before_share":"","sfsi_plus_gutenberg_icon_type":"","sfsi_plus_gutenberg_icon_alignemt":"","sfsi_plus_gutenburg_max_per_row":"","footnotes":""},"categories":[50,2],"tags":[],"class_list":["post-113728","post","type-post","status-publish","format-standard","has-post-thumbnail","hentry","category-destaque","category-geral"],"_links":{"self":[{"href":"https:\/\/www.caririemacao.com\/1\/wp-json\/wp\/v2\/posts\/113728","targetHints":{"allow":["GET"]}}],"collection":[{"href":"https:\/\/www.caririemacao.com\/1\/wp-json\/wp\/v2\/posts"}],"about":[{"href":"https:\/\/www.caririemacao.com\/1\/wp-json\/wp\/v2\/types\/post"}],"author":[{"embeddable":true,"href":"https:\/\/www.caririemacao.com\/1\/wp-json\/wp\/v2\/users\/1"}],"replies":[{"embeddable":true,"href":"https:\/\/www.caririemacao.com\/1\/wp-json\/wp\/v2\/comments?post=113728"}],"version-history":[{"count":1,"href":"https:\/\/www.caririemacao.com\/1\/wp-json\/wp\/v2\/posts\/113728\/revisions"}],"predecessor-version":[{"id":113732,"href":"https:\/\/www.caririemacao.com\/1\/wp-json\/wp\/v2\/posts\/113728\/revisions\/113732"}],"wp:featuredmedia":[{"embeddable":true,"href":"https:\/\/www.caririemacao.com\/1\/wp-json\/wp\/v2\/media\/113731"}],"wp:attachment":[{"href":"https:\/\/www.caririemacao.com\/1\/wp-json\/wp\/v2\/media?parent=113728"}],"wp:term":[{"taxonomy":"category","embeddable":true,"href":"https:\/\/www.caririemacao.com\/1\/wp-json\/wp\/v2\/categories?post=113728"},{"taxonomy":"post_tag","embeddable":true,"href":"https:\/\/www.caririemacao.com\/1\/wp-json\/wp\/v2\/tags?post=113728"}],"curies":[{"name":"wp","href":"https:\/\/api.w.org\/{rel}","templated":true}]}}