{"id":113740,"date":"2019-09-03T13:22:26","date_gmt":"2019-09-03T16:22:26","guid":{"rendered":"http:\/\/www.caririemacao.com\/1\/?p=113740"},"modified":"2019-09-03T13:22:26","modified_gmt":"2019-09-03T16:22:26","slug":"correios-farao-assembleia-por-indicativo-de-greve","status":"publish","type":"post","link":"https:\/\/www.caririemacao.com\/1\/2019\/09\/03\/correios-farao-assembleia-por-indicativo-de-greve\/","title":{"rendered":"Correios far\u00e3o assembleia por indicativo de greve"},"content":{"rendered":"\n<p>Os trabalhadores dos Correios e Tel\u00e9grafos na Para\u00edba decidir\u00e3o, nesta ter\u00e7a-feira (3), em assembleia no sindicato, no Centro de Jo\u00e3o Pessoa, se entrar\u00e3o em greve. A medida \u00e9 tomada como inevit\u00e1vel pelo diretor do Sindicato dos Trabalhadores nas Empresas de Correios, Tel\u00e9grafos e Similares do Estado da Para\u00edba (SINTECT-PB), Rafael Paiva.<\/p>\n\n\n\n<p>Tamb\u00e9m membro do Comando Nacional de Negocia\u00e7\u00e3o e Mobiliza\u00e7\u00e3o da FENTECT (Federa\u00e7\u00e3o Nacional dos Trabalhadores em Empresas de Correios e Tel\u00e9grafos e Similares), Paiva alega que a categoria reivindica um reajuste salarial desde junho, mas a dire\u00e7\u00e3o dos Correios evita abrir di\u00e1logo.<\/p>\n\n\n\n<p>\u201cEssa greve \u00e9 por conta da intransig\u00eancia da empresa, que se nega em receber os trabalhadores, negociar e ela ainda diz que nossas cl\u00e1usulas sociais e benef\u00edcios oneram a falha de pagamento da empresa, em uma clara demonstra\u00e7\u00e3o que o trabalhador n\u00e3o tem direito nenhum\u201d, afirmou.<\/p>\n\n\n\n<p>De acordo com a coluna Painel, do jornal Folha de S\u00e3o Paulo, a presidente da Associa\u00e7\u00e3o dos Profissionais dos Correios (Adcap), Maria Fulginiti, escreveu comunicado neste final de semana dizendo para a atual gest\u00e3o que a arrog\u00e2ncia no trato do acordo coletivo os levar\u00e1 a cruzar os bra\u00e7os. Segundo a representante da categoria, cada dia de paralisa\u00e7\u00e3o custar\u00e1 aos Correios mais de R$ 5 milh\u00f5es. Trocar a gest\u00e3o \u00e9 uma das sa\u00eddas que a Adcap prop\u00f5e.<\/p>\n","protected":false},"excerpt":{"rendered":"<p>Os trabalhadores dos Correios e Tel\u00e9grafos na Para\u00edba decidir\u00e3o, nesta ter\u00e7a-feira (3), em assembleia no sindicato, no Centro de Jo\u00e3o Pessoa, se entrar\u00e3o em greve.&hellip; <\/p>\n","protected":false},"author":1,"featured_media":113741,"comment_status":"closed","ping_status":"closed","sticky":false,"template":"","format":"standard","meta":{"sfsi_plus_gutenberg_text_before_share":"","sfsi_plus_gutenberg_show_text_before_share":"","sfsi_plus_gutenberg_icon_type":"","sfsi_plus_gutenberg_icon_alignemt":"","sfsi_plus_gutenburg_max_per_row":"","footnotes":""},"categories":[2],"tags":[],"class_list":["post-113740","post","type-post","status-publish","format-standard","has-post-thumbnail","hentry","category-geral"],"_links":{"self":[{"href":"https:\/\/www.caririemacao.com\/1\/wp-json\/wp\/v2\/posts\/113740","targetHints":{"allow":["GET"]}}],"collection":[{"href":"https:\/\/www.caririemacao.com\/1\/wp-json\/wp\/v2\/posts"}],"about":[{"href":"https:\/\/www.caririemacao.com\/1\/wp-json\/wp\/v2\/types\/post"}],"author":[{"embeddable":true,"href":"https:\/\/www.caririemacao.com\/1\/wp-json\/wp\/v2\/users\/1"}],"replies":[{"embeddable":true,"href":"https:\/\/www.caririemacao.com\/1\/wp-json\/wp\/v2\/comments?post=113740"}],"version-history":[{"count":1,"href":"https:\/\/www.caririemacao.com\/1\/wp-json\/wp\/v2\/posts\/113740\/revisions"}],"predecessor-version":[{"id":113742,"href":"https:\/\/www.caririemacao.com\/1\/wp-json\/wp\/v2\/posts\/113740\/revisions\/113742"}],"wp:featuredmedia":[{"embeddable":true,"href":"https:\/\/www.caririemacao.com\/1\/wp-json\/wp\/v2\/media\/113741"}],"wp:attachment":[{"href":"https:\/\/www.caririemacao.com\/1\/wp-json\/wp\/v2\/media?parent=113740"}],"wp:term":[{"taxonomy":"category","embeddable":true,"href":"https:\/\/www.caririemacao.com\/1\/wp-json\/wp\/v2\/categories?post=113740"},{"taxonomy":"post_tag","embeddable":true,"href":"https:\/\/www.caririemacao.com\/1\/wp-json\/wp\/v2\/tags?post=113740"}],"curies":[{"name":"wp","href":"https:\/\/api.w.org\/{rel}","templated":true}]}}