{"id":113745,"date":"2019-09-03T13:24:17","date_gmt":"2019-09-03T16:24:17","guid":{"rendered":"http:\/\/www.caririemacao.com\/1\/?p=113745"},"modified":"2019-09-03T13:24:17","modified_gmt":"2019-09-03T16:24:17","slug":"comeca-recadastramento-para-clientes-de-celular-pre-pago-em-17-estados","status":"publish","type":"post","link":"https:\/\/www.caririemacao.com\/1\/2019\/09\/03\/comeca-recadastramento-para-clientes-de-celular-pre-pago-em-17-estados\/","title":{"rendered":"Come\u00e7a recadastramento para clientes de celular pr\u00e9-pago em 17 estados"},"content":{"rendered":"\n<p>Come\u00e7ou nesta segunda-feira (2) o recadastramento para clientes de celular pr\u00e9-pago em 17 estados. Os usu\u00e1rios dever\u00e3o atualizar suas informa\u00e7\u00f5es nas respectivas operadoras. O per\u00edodo para regularizar as informa\u00e7\u00f5es vai at\u00e9 16 de novembro. Quem n\u00e3o fizer o procedimento pode ter a linha pr\u00e9-paga bloqueada.<\/p>\n\n\n\n<p>A terceira fase do recadastramento iniciada hoje abranger\u00e1 pessoas dos estados de Alagoas, Amazonas, Amap\u00e1, Bahia, Cear\u00e1, Esp\u00edrito Santo, Maranh\u00e3o, Piau\u00ed, Rio Grande do Norte, Par\u00e1, Para\u00edba, Pernambuco, Rio de Janeiro, Rio Grande do Sul, Roraima, Sergipe e S\u00e3o Paulo.<\/p>\n\n\n\n<p>Os usu\u00e1rios de pacotes pr\u00e9-pagos ser\u00e3o acionados pelas operadoras por canais como mensagem de texto, liga\u00e7\u00f5es ou pop ups em sites. O procedimento \u00e9&nbsp;aplicado aos usu\u00e1rios com pend\u00eancias cadastrais.As operadoras tamb\u00e9m disponibilizaram canais de atendimento para fornecer mais informa\u00e7\u00f5es sobre o recadastramento, como p\u00e1ginas espec\u00edficas nos sites e n\u00fameros, conforme dados da Anatel.<\/p>\n\n\n\n<table class=\"wp-block-table\"><tbody><tr><td>Claro<\/td><td>https:\/\/www.claro.com.br\/institucional\/regulatorio\/cadastro-pre<\/td><td>1052<\/td><\/tr><tr><td>Tim<\/td><td>https:\/\/www.tim.com.br\/sp\/para-voce\/projeto-cadastro-pre<\/td><td>*144<\/td><\/tr><tr><td>Vivo<\/td><td>https:\/\/www..vivo.tl\/cadpre<\/td><td>*8486<\/td><\/tr><tr><td>Oi<\/td><td>https:\/\/www.oi.com.br\/celular\/pre-pago\/atualizar-cadastro<\/td><td>*144<\/td><\/tr><tr><td>Algar<\/td><td>https:\/\/www.algartelecom.com.br\/para-voce\/atendimento\/comunicados?comunicadosCelular-0<\/td><td>1055<\/td><\/tr><tr><td>Sercomtel<\/td><td>https:\/\/www.sercomtel.com.br\/cadastro-pre-pago\/<\/td><td>1051<\/td><\/tr><\/tbody><\/table>\n\n\n\n<h2 class=\"wp-block-heading\">Fases anteriores<\/h2>\n\n\n\n<p>Esta \u00e9 a terceira fase da iniciativa. O recadastramento j\u00e1 havia sido iniciado em outros dez estados: Acre, Distrito Federal, Goi\u00e1s, Mato Grosso, Mato Grosso do Sul, Minas Gerais, Paran\u00e1, Rond\u00f4nia, Tocantins e Santa Catarina. O primeiro piloto ocorreu nas \u00e1reas de DDD 62, a partir de abril. Nesses estados o recadastramento ficar\u00e1 dispon\u00edvel at\u00e9 15 de outubro.<\/p>\n\n\n\n<p>Segundo a Anatel, a atualiza\u00e7\u00e3o das informa\u00e7\u00f5es sobre os usu\u00e1rios veio em respostas a problemas identificados pela aus\u00eancia de registros precisos sobre os clientes.<\/p>\n","protected":false},"excerpt":{"rendered":"<p>Come\u00e7ou nesta segunda-feira (2) o recadastramento para clientes de celular pr\u00e9-pago em 17 estados. Os usu\u00e1rios dever\u00e3o atualizar suas informa\u00e7\u00f5es nas respectivas operadoras. O per\u00edodo&hellip; <\/p>\n","protected":false},"author":1,"featured_media":104557,"comment_status":"closed","ping_status":"closed","sticky":false,"template":"","format":"standard","meta":{"sfsi_plus_gutenberg_text_before_share":"","sfsi_plus_gutenberg_show_text_before_share":"","sfsi_plus_gutenberg_icon_type":"","sfsi_plus_gutenberg_icon_alignemt":"","sfsi_plus_gutenburg_max_per_row":"","footnotes":""},"categories":[2],"tags":[],"class_list":["post-113745","post","type-post","status-publish","format-standard","has-post-thumbnail","hentry","category-geral"],"_links":{"self":[{"href":"https:\/\/www.caririemacao.com\/1\/wp-json\/wp\/v2\/posts\/113745","targetHints":{"allow":["GET"]}}],"collection":[{"href":"https:\/\/www.caririemacao.com\/1\/wp-json\/wp\/v2\/posts"}],"about":[{"href":"https:\/\/www.caririemacao.com\/1\/wp-json\/wp\/v2\/types\/post"}],"author":[{"embeddable":true,"href":"https:\/\/www.caririemacao.com\/1\/wp-json\/wp\/v2\/users\/1"}],"replies":[{"embeddable":true,"href":"https:\/\/www.caririemacao.com\/1\/wp-json\/wp\/v2\/comments?post=113745"}],"version-history":[{"count":1,"href":"https:\/\/www.caririemacao.com\/1\/wp-json\/wp\/v2\/posts\/113745\/revisions"}],"predecessor-version":[{"id":113749,"href":"https:\/\/www.caririemacao.com\/1\/wp-json\/wp\/v2\/posts\/113745\/revisions\/113749"}],"wp:featuredmedia":[{"embeddable":true,"href":"https:\/\/www.caririemacao.com\/1\/wp-json\/wp\/v2\/media\/104557"}],"wp:attachment":[{"href":"https:\/\/www.caririemacao.com\/1\/wp-json\/wp\/v2\/media?parent=113745"}],"wp:term":[{"taxonomy":"category","embeddable":true,"href":"https:\/\/www.caririemacao.com\/1\/wp-json\/wp\/v2\/categories?post=113745"},{"taxonomy":"post_tag","embeddable":true,"href":"https:\/\/www.caririemacao.com\/1\/wp-json\/wp\/v2\/tags?post=113745"}],"curies":[{"name":"wp","href":"https:\/\/api.w.org\/{rel}","templated":true}]}}