{"id":113754,"date":"2019-09-03T13:31:59","date_gmt":"2019-09-03T16:31:59","guid":{"rendered":"http:\/\/www.caririemacao.com\/1\/?p=113754"},"modified":"2019-09-03T13:31:59","modified_gmt":"2019-09-03T16:31:59","slug":"governo-do-estado-abre-vagas-para-vigilancia-em-saude-com-salario-de-ate-r-63-mil","status":"publish","type":"post","link":"https:\/\/www.caririemacao.com\/1\/2019\/09\/03\/governo-do-estado-abre-vagas-para-vigilancia-em-saude-com-salario-de-ate-r-63-mil\/","title":{"rendered":"Governo do Estado abre vagas para Vigil\u00e2ncia em Sa\u00fade com sal\u00e1rio de at\u00e9 R$ 6,3 mil"},"content":{"rendered":"\n<p>O Governo do Estado abriu vagas para Processo Seletivo Simplificado com 30 vagas para atuar no Curso de Vigil\u00e2ncia em Sa\u00fade, em Princesa Isabel, no Sert\u00e3o. As vagas s\u00e3o para contrata\u00e7\u00e3o imediata e cadastro de reserva.&nbsp;<a href=\"http:\/\/file\/\/\/C:\/Users\/redac\/Downloads\/Diario%20Oficial%2003-09-2019%20Total.pdf\">Veja o edital aqui<\/a>.<\/p>\n\n\n\n<p>As inscri\u00e7\u00f5es come\u00e7am nesta quarta-feira (4) e devem ser realizadas por meio do formul\u00e1rio on-line (<a href=\"https:\/\/docs.google.com\/forms\/d\/e\/1FAIpQLSfk-BUSdgFkK1mRPK6ZvrQ1hjLddjy38bpZUrTED2txHYkqIw\/viewform\">clique aqui<\/a>)&nbsp;, e seguem&nbsp;at\u00e9 as 23h59 do dia 20 de setembro. A sele\u00e7\u00e3o ocorre em duas etapas: an\u00e1lise curricular e documental e entrevista presencial. Os resultados ser\u00e3o divulgados no DOE e no blog do Cefor-RH\/PB (www.ceforpb.wordpress.com).<\/p>\n\n\n\n<p>Os sal\u00e1rios variam de R$ 1,9 mil at\u00e9 R$ 6,3 mil, sendo que esses varlores ser\u00e3o pagos por trimestre. A sele\u00e7\u00e3o de car\u00e1ter tempor\u00e1rio, tem validade de 12 meses, para os cargos de coordenador de curso e de facilitador. A contrata\u00e7\u00e3o \u00e9 voltada para profissionais graduados nas \u00e1reas da educa\u00e7\u00e3o e da sa\u00fade. Tanto o coordenador quanto o facilitador ter\u00e3o uma carga hor\u00e1ria da 20h semanais. O Curso em sua totalidade ser\u00e1 de 1660h, sendo 250h de est\u00e1gio supervisionado.<\/p>\n\n\n\n<p>Al\u00e9m da gradua\u00e7\u00e3o em n\u00edvel superior, \u00e9 exigida tamb\u00e9m uma especializa\u00e7\u00e3o na \u00e1rea da Sa\u00fade, ou um ano de experi\u00eancia comprovada em Sa\u00fade P\u00fablica e em Vigil\u00e2ncia Sanit\u00e1ria, sendo este \u00faltimo apenas para o cargo de facilitador. Os selecionados ir\u00e3o atuar na forma\u00e7\u00e3o de profissionais que j\u00e1 desenvolvem atividades espec\u00edficas do t\u00e9cnico em vigil\u00e2ncia em sa\u00fade, integrando as suas quatro sub\u00e1reas: vigil\u00e2ncia epidemiol\u00f3gica, sanit\u00e1ria, ambiental e sa\u00fade do trabalhador.<\/p>\n\n\n\n<p><em>Com Click PB<\/em><\/p>\n","protected":false},"excerpt":{"rendered":"<p>O Governo do Estado abriu vagas para Processo Seletivo Simplificado com 30 vagas para atuar no Curso de Vigil\u00e2ncia em Sa\u00fade, em Princesa Isabel, no&hellip; <\/p>\n","protected":false},"author":1,"featured_media":113756,"comment_status":"closed","ping_status":"closed","sticky":false,"template":"","format":"standard","meta":{"sfsi_plus_gutenberg_text_before_share":"","sfsi_plus_gutenberg_show_text_before_share":"","sfsi_plus_gutenberg_icon_type":"","sfsi_plus_gutenberg_icon_alignemt":"","sfsi_plus_gutenburg_max_per_row":"","footnotes":""},"categories":[2],"tags":[],"class_list":["post-113754","post","type-post","status-publish","format-standard","has-post-thumbnail","hentry","category-geral"],"_links":{"self":[{"href":"https:\/\/www.caririemacao.com\/1\/wp-json\/wp\/v2\/posts\/113754","targetHints":{"allow":["GET"]}}],"collection":[{"href":"https:\/\/www.caririemacao.com\/1\/wp-json\/wp\/v2\/posts"}],"about":[{"href":"https:\/\/www.caririemacao.com\/1\/wp-json\/wp\/v2\/types\/post"}],"author":[{"embeddable":true,"href":"https:\/\/www.caririemacao.com\/1\/wp-json\/wp\/v2\/users\/1"}],"replies":[{"embeddable":true,"href":"https:\/\/www.caririemacao.com\/1\/wp-json\/wp\/v2\/comments?post=113754"}],"version-history":[{"count":1,"href":"https:\/\/www.caririemacao.com\/1\/wp-json\/wp\/v2\/posts\/113754\/revisions"}],"predecessor-version":[{"id":113757,"href":"https:\/\/www.caririemacao.com\/1\/wp-json\/wp\/v2\/posts\/113754\/revisions\/113757"}],"wp:featuredmedia":[{"embeddable":true,"href":"https:\/\/www.caririemacao.com\/1\/wp-json\/wp\/v2\/media\/113756"}],"wp:attachment":[{"href":"https:\/\/www.caririemacao.com\/1\/wp-json\/wp\/v2\/media?parent=113754"}],"wp:term":[{"taxonomy":"category","embeddable":true,"href":"https:\/\/www.caririemacao.com\/1\/wp-json\/wp\/v2\/categories?post=113754"},{"taxonomy":"post_tag","embeddable":true,"href":"https:\/\/www.caririemacao.com\/1\/wp-json\/wp\/v2\/tags?post=113754"}],"curies":[{"name":"wp","href":"https:\/\/api.w.org\/{rel}","templated":true}]}}