{"id":113762,"date":"2019-09-03T13:35:31","date_gmt":"2019-09-03T16:35:31","guid":{"rendered":"http:\/\/www.caririemacao.com\/1\/?p=113762"},"modified":"2019-09-03T13:35:31","modified_gmt":"2019-09-03T16:35:31","slug":"bolsonaro-pede-a-mec-projeto-de-lei-para-proibir-ideologia-de-genero","status":"publish","type":"post","link":"https:\/\/www.caririemacao.com\/1\/2019\/09\/03\/bolsonaro-pede-a-mec-projeto-de-lei-para-proibir-ideologia-de-genero\/","title":{"rendered":"Bolsonaro pede a MEC projeto de lei para proibir ideologia de g\u00eanero"},"content":{"rendered":"\n<p>O presidente Jair Bolsonaro disse nesta ter\u00e7a-feira (3) ter determinado ao Minist\u00e9rio da Educa\u00e7\u00e3o que redija um projeto de lei para proibir a abordagem de quest\u00f5es de g\u00eanero nas escolas de ensino fundamental.<\/p>\n\n\n\n<p>Segundo Bolsonaro, a medida ocorre ap\u00f3s uma manifesta\u00e7\u00e3o da AGU (Advocacia-Geral da Uni\u00e3o) sobre a quem cabe legislar sobre o tema. O an\u00fancio foi feito por meio das redes sociais.<\/p>\n\n\n\n<p>&#8220;O AGU se manifesta sobre quem compete legislar sobre IDEOLOGIA DE G\u00caNERO, sendo compet\u00eancia FEDERAL. Determinei ao @MEC_Comunicacao, visando princ\u00edpio da prote\u00e7\u00e3o integral da CRIAN\u00c7A, previsto na Constitui\u00e7\u00e3o, preparar PL que pro\u00edba ideologia de g\u00eanero no ensino fundamental&#8221;, escreveu.<\/p>\n\n\n\n<p>A express\u00e3o ideologia de g\u00eanero n\u00e3o \u00e9 reconhecida no mundo acad\u00eamico e normalmente \u00e9 usada por grupos conservadores contr\u00e1rios \u00e0s discuss\u00f5es sobre diversidade sexual e de identidade de g\u00eanero.<\/p>\n\n\n\n<p>Bolsonaro faz uso frequente do conceito para criticar governos de esquerda e pol\u00edticas educacionais que estariam, na vis\u00e3o dele, desviando da concep\u00e7\u00e3o tradicional crist\u00e3 da fam\u00edlia, composta por um homem e uma mulher.<\/p>\n\n\n\n<p>A teoria de g\u00eanero, reconhecida academicamente, estabelece que g\u00eanero e orienta\u00e7\u00e3o sexual s\u00e3o constru\u00e7\u00f5es sociais, e n\u00e3o apenas determina\u00e7\u00f5es biol\u00f3gicas. J\u00e1 para segmentos da direita, a &#8220;ideologia de g\u00eanero&#8221; \u00e9 um ataque ao conceito tradicional de fam\u00edlia.<\/p>\n\n\n\n<p>O termo &#8220;ideologia de g\u00eanero&#8221; foi criado pela Igreja Cat\u00f3lica e citado pela primeira vez em 1998, em uma nota da Confer\u00eancia Episcopal do Peru.<\/p>\n\n\n\n<p>Ele acabou adotado por grupos radicais de direita. Procurados para comentar o tema, a Advocacia-Geral da Uni\u00e3o e o Minist\u00e9rio da Educa\u00e7\u00e3o n\u00e3o responderam at\u00e9 o momento.<\/p>\n","protected":false},"excerpt":{"rendered":"<p>O presidente Jair Bolsonaro disse nesta ter\u00e7a-feira (3) ter determinado ao Minist\u00e9rio da Educa\u00e7\u00e3o que redija um projeto de lei para proibir a abordagem de&hellip; <\/p>\n","protected":false},"author":1,"featured_media":111985,"comment_status":"closed","ping_status":"closed","sticky":false,"template":"","format":"standard","meta":{"sfsi_plus_gutenberg_text_before_share":"","sfsi_plus_gutenberg_show_text_before_share":"","sfsi_plus_gutenberg_icon_type":"","sfsi_plus_gutenberg_icon_alignemt":"","sfsi_plus_gutenburg_max_per_row":"","footnotes":""},"categories":[11],"tags":[],"class_list":["post-113762","post","type-post","status-publish","format-standard","has-post-thumbnail","hentry","category-politica"],"_links":{"self":[{"href":"https:\/\/www.caririemacao.com\/1\/wp-json\/wp\/v2\/posts\/113762","targetHints":{"allow":["GET"]}}],"collection":[{"href":"https:\/\/www.caririemacao.com\/1\/wp-json\/wp\/v2\/posts"}],"about":[{"href":"https:\/\/www.caririemacao.com\/1\/wp-json\/wp\/v2\/types\/post"}],"author":[{"embeddable":true,"href":"https:\/\/www.caririemacao.com\/1\/wp-json\/wp\/v2\/users\/1"}],"replies":[{"embeddable":true,"href":"https:\/\/www.caririemacao.com\/1\/wp-json\/wp\/v2\/comments?post=113762"}],"version-history":[{"count":1,"href":"https:\/\/www.caririemacao.com\/1\/wp-json\/wp\/v2\/posts\/113762\/revisions"}],"predecessor-version":[{"id":113764,"href":"https:\/\/www.caririemacao.com\/1\/wp-json\/wp\/v2\/posts\/113762\/revisions\/113764"}],"wp:featuredmedia":[{"embeddable":true,"href":"https:\/\/www.caririemacao.com\/1\/wp-json\/wp\/v2\/media\/111985"}],"wp:attachment":[{"href":"https:\/\/www.caririemacao.com\/1\/wp-json\/wp\/v2\/media?parent=113762"}],"wp:term":[{"taxonomy":"category","embeddable":true,"href":"https:\/\/www.caririemacao.com\/1\/wp-json\/wp\/v2\/categories?post=113762"},{"taxonomy":"post_tag","embeddable":true,"href":"https:\/\/www.caririemacao.com\/1\/wp-json\/wp\/v2\/tags?post=113762"}],"curies":[{"name":"wp","href":"https:\/\/api.w.org\/{rel}","templated":true}]}}