{"id":113780,"date":"2019-09-03T15:57:18","date_gmt":"2019-09-03T18:57:18","guid":{"rendered":"http:\/\/www.caririemacao.com\/1\/?p=113780"},"modified":"2019-09-03T15:57:18","modified_gmt":"2019-09-03T18:57:18","slug":"lojas-americanas-instala-unidade-em-monteiro-e-abre-vagas-de-emprego-veja-como-concorrer","status":"publish","type":"post","link":"https:\/\/www.caririemacao.com\/1\/2019\/09\/03\/lojas-americanas-instala-unidade-em-monteiro-e-abre-vagas-de-emprego-veja-como-concorrer\/","title":{"rendered":"Lojas Americanas instala unidade em Monteiro e abre vagas de emprego; veja como concorrer"},"content":{"rendered":"\n<p>A rede de&nbsp;<strong>lojas americanas<\/strong>&nbsp;chega a cidade de&nbsp;<strong><a href=\"https:\/\/www.portaltvcariri.com.br\/noticia\/monteiro\/\">Monteiro<\/a><\/strong>&nbsp;e est\u00e1 contratando pessoas para trabalhar na unidade, a previs\u00e3o de inaugura\u00e7\u00e3o \u00e9 para o dia 30 de Setembro.&nbsp;A unidade que est\u00e1 sendo instalada na Capital do Cariri na R. Cel. Jo\u00e3o Santa Cruz pr\u00f3ximo ao posto W3 e contara com o padr\u00e3o americanas de com\u00e9rcio varejista, com sess\u00f5es variadas, a loja promete ampliar a concorr\u00eancia no mercado de eletroeletr\u00f4nicos, vestu\u00e1rio e utilit\u00e1rios dom\u00e9sticos em&nbsp;<a href=\"https:\/\/www.portaltvcariri.com.br\/noticia\/monteiro\/\">Monteiro<\/a>&nbsp;e nas cidades vizinhas.&nbsp;A empresa investiu R$ 949,2 milh\u00f5es em 2018. Destes, R$ 735,2 milh\u00f5es foram para aberturas e reformas de lojas, R$ 139,5 milh\u00f5es em tecnologia e R$ 56,4 milh\u00f5es em opera\u00e7\u00f5es e outros.&nbsp;Em sua apresenta\u00e7\u00e3o de resultados, a empresa, que opera lojas f\u00edsicas e plataforma digital&nbsp;<em>(via B2W Digital, com as marcas Americanas.com, Submarino, Shoptime e Sou Barato)<\/em>, destacou os investimentos na acelera\u00e7\u00e3o de iniciativas \u2018online to offline\u2019, em que o cliente pode fazer compras pelo site e retir\u00e1-las nas lojas f\u00edsicas, por exemplo.&nbsp;O sistema que a companhia nomeou de<strong>\u201cPegue na Loja\u201d<\/strong>&nbsp;come\u00e7ou a funcionar em 2018, com opera\u00e7\u00e3o inicial em 400 lojas e, atualmente, est\u00e1 dispon\u00edvel em mais de 1.100 lojas.&nbsp;<strong>Vagas de Emprego<\/strong>&nbsp;O Sine&nbsp;<a href=\"https:\/\/www.portaltvcariri.com.br\/noticia\/monteiro\/\">Monteiro<\/a>&nbsp;est\u00e1 recebendo curr\u00edculos que podem ser deixados na Travessa Silvino N\u00f3brega de Andrade N\u00ba 36&nbsp;( por tr\u00e1s da Loja Ferragens Santa Rosa). Mais informa\u00e7\u00f5es podem ser adquiridas atrav\u00e9s do Tel: (83) 99863-3217 \u2013 Marlene Amorim.<\/p>\n\n\n\n<div class=\"wp-block-image\"><figure class=\"aligncenter\"><a href=\"https:\/\/www.portaltvcariri.com.br\/?attachment_id=94213\"><img decoding=\"async\" data-src=\"https:\/\/www.portaltvcariri.com.br\/wp-content\/uploads\/2019\/09\/69100448_584771798593919_6934575215967993856_n.jpg\" alt=\"69100448_584771798593919_6934575215967993856_n\" class=\"wp-image-94213 lazyload\" src=\"data:image\/svg+xml;base64,PHN2ZyB3aWR0aD0iMSIgaGVpZ2h0PSIxIiB4bWxucz0iaHR0cDovL3d3dy53My5vcmcvMjAwMC9zdmciPjwvc3ZnPg==\" \/><\/a><\/figure><\/div>\n\n\n\n<figure class=\"wp-block-image\"><a href=\"https:\/\/www.facebook.com\/cpnetprovedor\/\"><img decoding=\"async\" data-src=\"https:\/\/www.portaltvcariri.com.br\/wp-content\/uploads\/2019\/08\/outdoor.jpg\" alt=\"\" src=\"data:image\/svg+xml;base64,PHN2ZyB3aWR0aD0iMSIgaGVpZ2h0PSIxIiB4bWxucz0iaHR0cDovL3d3dy53My5vcmcvMjAwMC9zdmciPjwvc3ZnPg==\" class=\"lazyload\" \/><\/a><\/figure>\n","protected":false},"excerpt":{"rendered":"<p>A rede de&nbsp;lojas americanas&nbsp;chega a cidade de&nbsp;Monteiro&nbsp;e est\u00e1 contratando pessoas para trabalhar na unidade, a previs\u00e3o de inaugura\u00e7\u00e3o \u00e9 para o dia 30 de Setembro.&nbsp;A&hellip; <\/p>\n","protected":false},"author":1,"featured_media":113781,"comment_status":"closed","ping_status":"closed","sticky":false,"template":"","format":"standard","meta":{"sfsi_plus_gutenberg_text_before_share":"","sfsi_plus_gutenberg_show_text_before_share":"","sfsi_plus_gutenberg_icon_type":"","sfsi_plus_gutenberg_icon_alignemt":"","sfsi_plus_gutenburg_max_per_row":"","footnotes":""},"categories":[50,2],"tags":[],"class_list":["post-113780","post","type-post","status-publish","format-standard","has-post-thumbnail","hentry","category-destaque","category-geral"],"_links":{"self":[{"href":"https:\/\/www.caririemacao.com\/1\/wp-json\/wp\/v2\/posts\/113780","targetHints":{"allow":["GET"]}}],"collection":[{"href":"https:\/\/www.caririemacao.com\/1\/wp-json\/wp\/v2\/posts"}],"about":[{"href":"https:\/\/www.caririemacao.com\/1\/wp-json\/wp\/v2\/types\/post"}],"author":[{"embeddable":true,"href":"https:\/\/www.caririemacao.com\/1\/wp-json\/wp\/v2\/users\/1"}],"replies":[{"embeddable":true,"href":"https:\/\/www.caririemacao.com\/1\/wp-json\/wp\/v2\/comments?post=113780"}],"version-history":[{"count":1,"href":"https:\/\/www.caririemacao.com\/1\/wp-json\/wp\/v2\/posts\/113780\/revisions"}],"predecessor-version":[{"id":113782,"href":"https:\/\/www.caririemacao.com\/1\/wp-json\/wp\/v2\/posts\/113780\/revisions\/113782"}],"wp:featuredmedia":[{"embeddable":true,"href":"https:\/\/www.caririemacao.com\/1\/wp-json\/wp\/v2\/media\/113781"}],"wp:attachment":[{"href":"https:\/\/www.caririemacao.com\/1\/wp-json\/wp\/v2\/media?parent=113780"}],"wp:term":[{"taxonomy":"category","embeddable":true,"href":"https:\/\/www.caririemacao.com\/1\/wp-json\/wp\/v2\/categories?post=113780"},{"taxonomy":"post_tag","embeddable":true,"href":"https:\/\/www.caririemacao.com\/1\/wp-json\/wp\/v2\/tags?post=113780"}],"curies":[{"name":"wp","href":"https:\/\/api.w.org\/{rel}","templated":true}]}}