{"id":113793,"date":"2019-09-03T17:53:45","date_gmt":"2019-09-03T20:53:45","guid":{"rendered":"http:\/\/www.caririemacao.com\/1\/?p=113793"},"modified":"2019-09-03T17:53:45","modified_gmt":"2019-09-03T20:53:45","slug":"prefeitura-de-monteiro-inicia-mais-obras-de-pavimentacao-pelos-bairros-da-cidade","status":"publish","type":"post","link":"https:\/\/www.caririemacao.com\/1\/2019\/09\/03\/prefeitura-de-monteiro-inicia-mais-obras-de-pavimentacao-pelos-bairros-da-cidade\/","title":{"rendered":"Prefeitura de Monteiro inicia mais obras de pavimenta\u00e7\u00e3o pelos bairros da cidade"},"content":{"rendered":"\n<p>A Prefeitura de Monteiro, por meio da prefeita Anna Lorena, anunciou na \u00faltima comemora\u00e7\u00e3o do anivers\u00e1rio da cidade um pacote de a\u00e7\u00f5es, dentre elas a pavimenta\u00e7\u00e3o de diversas ruas.Nesta segunda-feira, 02, as m\u00e1quinas da Prefeitura deram in\u00edcio aos trabalhos de cal\u00e7amento em paralelep\u00edpedo na Rua Sebasti\u00e3o Aquino Bezerra, uma obra prometida h\u00e1 dez anos e realizada s\u00f3 agora pela prefeita Anna Lorena. Antes de iniciar esta obra, a prefeita de Monteiro j\u00e1 havia conseguido recursos para a execu\u00e7\u00e3o das obras de pavimenta\u00e7\u00e3o das ruas do Instituto e a que interliga o Cemit\u00e9rio Municipal com a BR 110, atrav\u00e9s de parcerias com o Governo do Estado, cumprindo uma de suas promessas de campanha e realizando um sonho antigo dos moradores.Para a moradora K\u00e9zia Morato da Rua Sebasti\u00e3o Aquino, esta obra t\u00e3o aguardada beneficia principalmente os moradores mais idosos: \u201cAqui ficar\u00e1 bem melhor para o acesso dos idosos, tanto no tempo de inverno quando chove, quanto na seguran\u00e7a em rela\u00e7\u00e3o a desn\u00edveis da rua e tudo mais. A gest\u00e3o est\u00e1 de parab\u00e9ns, todos n\u00f3s estamos muito felizes e satisfeitos\u201d, comemora.<\/p>\n\n\n\n<div class=\"wp-block-image\"><figure class=\"alignleft\"><img decoding=\"async\" data-src=\"https:\/\/i2.wp.com\/www.vitrinedocariri.com.br\/wp-content\/uploads\/2019\/09\/Prefeitura-de-Monteiro-inicia-mais-obras-de-pavimenta%C3%A7%C3%A3o-pelos-bairros-da-cidade-6.jpeg?zoom=2&amp;resize=330%2C219&amp;ssl=1\" alt=\"\" class=\"wp-image-52233 lazyload\" src=\"data:image\/svg+xml;base64,PHN2ZyB3aWR0aD0iMSIgaGVpZ2h0PSIxIiB4bWxucz0iaHR0cDovL3d3dy53My5vcmcvMjAwMC9zdmciPjwvc3ZnPg==\" \/><\/figure><\/div>\n\n\n\n<p>Simultaneamente com a Rua Sebasti\u00e3o Aquino Bezerra, ainda est\u00e3o sendo feitas outras obras de pavimenta\u00e7\u00e3o em outros bairros.\u201cNosso objetivo \u00e9 concluir mais obras como de pavimenta\u00e7\u00e3o o mais r\u00e1pido poss\u00edvel para beneficiar a popula\u00e7\u00e3o que tanto anseia pela melhoria de suas ruas. De acordo com as possibilidades, o munic\u00edpio v\u00eam investindo e melhorando a cidade e a zona rural. Estamos cumprindo nossas promessas para fazer de Monteiro uma cidade cada vez melhor\u201d, afirma o prefeito em exerc\u00edcio, Celecileno Alves.<\/p>\n","protected":false},"excerpt":{"rendered":"<p>A Prefeitura de Monteiro, por meio da prefeita Anna Lorena, anunciou na \u00faltima comemora\u00e7\u00e3o do anivers\u00e1rio da cidade um pacote de a\u00e7\u00f5es, dentre elas a&hellip; <\/p>\n","protected":false},"author":1,"featured_media":113795,"comment_status":"closed","ping_status":"closed","sticky":false,"template":"","format":"standard","meta":{"sfsi_plus_gutenberg_text_before_share":"","sfsi_plus_gutenberg_show_text_before_share":"","sfsi_plus_gutenberg_icon_type":"","sfsi_plus_gutenberg_icon_alignemt":"","sfsi_plus_gutenburg_max_per_row":"","footnotes":""},"categories":[6],"tags":[],"class_list":["post-113793","post","type-post","status-publish","format-standard","has-post-thumbnail","hentry","category-cidades"],"_links":{"self":[{"href":"https:\/\/www.caririemacao.com\/1\/wp-json\/wp\/v2\/posts\/113793","targetHints":{"allow":["GET"]}}],"collection":[{"href":"https:\/\/www.caririemacao.com\/1\/wp-json\/wp\/v2\/posts"}],"about":[{"href":"https:\/\/www.caririemacao.com\/1\/wp-json\/wp\/v2\/types\/post"}],"author":[{"embeddable":true,"href":"https:\/\/www.caririemacao.com\/1\/wp-json\/wp\/v2\/users\/1"}],"replies":[{"embeddable":true,"href":"https:\/\/www.caririemacao.com\/1\/wp-json\/wp\/v2\/comments?post=113793"}],"version-history":[{"count":1,"href":"https:\/\/www.caririemacao.com\/1\/wp-json\/wp\/v2\/posts\/113793\/revisions"}],"predecessor-version":[{"id":113796,"href":"https:\/\/www.caririemacao.com\/1\/wp-json\/wp\/v2\/posts\/113793\/revisions\/113796"}],"wp:featuredmedia":[{"embeddable":true,"href":"https:\/\/www.caririemacao.com\/1\/wp-json\/wp\/v2\/media\/113795"}],"wp:attachment":[{"href":"https:\/\/www.caririemacao.com\/1\/wp-json\/wp\/v2\/media?parent=113793"}],"wp:term":[{"taxonomy":"category","embeddable":true,"href":"https:\/\/www.caririemacao.com\/1\/wp-json\/wp\/v2\/categories?post=113793"},{"taxonomy":"post_tag","embeddable":true,"href":"https:\/\/www.caririemacao.com\/1\/wp-json\/wp\/v2\/tags?post=113793"}],"curies":[{"name":"wp","href":"https:\/\/api.w.org\/{rel}","templated":true}]}}