{"id":113809,"date":"2019-09-03T18:02:44","date_gmt":"2019-09-03T21:02:44","guid":{"rendered":"http:\/\/www.caririemacao.com\/1\/?p=113809"},"modified":"2019-09-03T18:02:44","modified_gmt":"2019-09-03T21:02:44","slug":"inscricao-para-vagas-remanescentes-do-fies-comeca-nesta-quarta-feira","status":"publish","type":"post","link":"https:\/\/www.caririemacao.com\/1\/2019\/09\/03\/inscricao-para-vagas-remanescentes-do-fies-comeca-nesta-quarta-feira\/","title":{"rendered":"Inscri\u00e7\u00e3o para vagas remanescentes do Fies come\u00e7a nesta quarta-feira"},"content":{"rendered":"\n<p>O processo seletivo para vagas remanescentes do Fundo de Financiamento Estudantil (Fies) referente ao segundo semestre de 2019 come\u00e7a nesta quarta-feira (4). As inscri\u00e7\u00f5es s\u00e3o gratuitas e devem ser realizadas pelo&nbsp;<a href=\"http:\/\/sisfiesportal.mec.gov.br\/\" target=\"_blank\" rel=\"noreferrer noopener\"><em>site<\/em>do programa<\/a>.<\/p>\n\n\n\n<p>As vagas remanescentes s\u00e3o aquelas que n\u00e3o foram ocupadas durante os processos seletivos regulares do Fies. Por exemplo: desist\u00eancia dos candidatos pr\u00e9-selecionados ou pela falta de documenta\u00e7\u00e3o.<\/p>\n\n\n\n<p>O&nbsp;<a href=\"http:\/\/fies.mec.gov.br\/arquivos\/edital_52_30082019.pdf\" target=\"_blank\" rel=\"noreferrer noopener\">edital com os prazos<\/a>&nbsp;foi publicado na edi\u00e7\u00e3o dessa segunda-feira (2) do&nbsp;<a href=\"http:\/\/www.in.gov.br\/en\/web\/dou\/-\/edital-n-52-de-30-de-agosto-de-2019processo-de-ocupacao-de-vagas-remanescentes-de-2019-do-fundo-de-financiamento-estudantil-no-2-semestre-de-2019-213888498\"><em>Di\u00e1rio Oficial da Uni\u00e3o<\/em><\/a>.<\/p>\n\n\n\n<p>Como ocorre desde o segundo semestre de 2015, houve o estabelecimento de cursos priorit\u00e1rios. At\u00e9 sexta-feira (6), ser\u00e3o ofertadas somente as vagas remanescentes nas \u00e1reas de sa\u00fade, engenharia e ci\u00eancia da computa\u00e7\u00e3o, licenciatura, pedagogia normal e superior.<\/p>\n\n\n\n<p>A partir de s\u00e1bado (7), as inscri\u00e7\u00f5es s\u00e3o abertas para todas as \u00e1reas. Os prazos para participar do processo seletivo dependem da situa\u00e7\u00e3o do estudante. Candidatos n\u00e3o matriculados em Institui\u00e7\u00e3o de Educa\u00e7\u00e3o Superior t\u00eam at\u00e9 11 de setembro para se inscrever. Para os matriculados, o prazo \u00e9 29 de novembro.<\/p>\n\n\n\n<p>Para a inscri\u00e7\u00e3o, o candidato tem que atender \u00e0s seguintes condi\u00e7\u00f5es: ter participado do Enem, a partir da edi\u00e7\u00e3o de 2010, obtendo m\u00e9dia igual ou superior a 450 pontos e nota na reda\u00e7\u00e3o superior a zero; e possuir renda familiar mensal bruta per capita de at\u00e9 tr\u00eas sal\u00e1rios m\u00ednimos.<\/p>\n\n\n\n<p>A ocupa\u00e7\u00e3o das vagas ser\u00e1 ocorrer\u00e1 de acordo com a ordem de conclus\u00e3o das inscri\u00e7\u00f5es, que garantem ao candidato apenas a expectativa de direito \u00e0 vaga remanescente para a qual se inscreveu. Ap\u00f3s a conclus\u00e3o da inscri\u00e7\u00e3o, o candidato tem dois dias \u00fateis para validar as informa\u00e7\u00f5es na institui\u00e7\u00e3o de ensino.<\/p>\n\n\n\n<p>N\u00e3o pode fazer a inscri\u00e7\u00e3o o candidato que n\u00e3o tenha quitado financiamento anterior pelo Fies ou pelo Programa de Cr\u00e9dito Educativo ou aquele que atualmente possua financiamento do Fies.<\/p>\n","protected":false},"excerpt":{"rendered":"<p>O processo seletivo para vagas remanescentes do Fundo de Financiamento Estudantil (Fies) referente ao segundo semestre de 2019 come\u00e7a nesta quarta-feira (4). As inscri\u00e7\u00f5es s\u00e3o&hellip; <\/p>\n","protected":false},"author":1,"featured_media":113811,"comment_status":"closed","ping_status":"closed","sticky":false,"template":"","format":"standard","meta":{"sfsi_plus_gutenberg_text_before_share":"","sfsi_plus_gutenberg_show_text_before_share":"","sfsi_plus_gutenberg_icon_type":"","sfsi_plus_gutenberg_icon_alignemt":"","sfsi_plus_gutenburg_max_per_row":"","footnotes":""},"categories":[50,14],"tags":[],"class_list":["post-113809","post","type-post","status-publish","format-standard","has-post-thumbnail","hentry","category-destaque","category-educacao"],"_links":{"self":[{"href":"https:\/\/www.caririemacao.com\/1\/wp-json\/wp\/v2\/posts\/113809","targetHints":{"allow":["GET"]}}],"collection":[{"href":"https:\/\/www.caririemacao.com\/1\/wp-json\/wp\/v2\/posts"}],"about":[{"href":"https:\/\/www.caririemacao.com\/1\/wp-json\/wp\/v2\/types\/post"}],"author":[{"embeddable":true,"href":"https:\/\/www.caririemacao.com\/1\/wp-json\/wp\/v2\/users\/1"}],"replies":[{"embeddable":true,"href":"https:\/\/www.caririemacao.com\/1\/wp-json\/wp\/v2\/comments?post=113809"}],"version-history":[{"count":1,"href":"https:\/\/www.caririemacao.com\/1\/wp-json\/wp\/v2\/posts\/113809\/revisions"}],"predecessor-version":[{"id":113812,"href":"https:\/\/www.caririemacao.com\/1\/wp-json\/wp\/v2\/posts\/113809\/revisions\/113812"}],"wp:featuredmedia":[{"embeddable":true,"href":"https:\/\/www.caririemacao.com\/1\/wp-json\/wp\/v2\/media\/113811"}],"wp:attachment":[{"href":"https:\/\/www.caririemacao.com\/1\/wp-json\/wp\/v2\/media?parent=113809"}],"wp:term":[{"taxonomy":"category","embeddable":true,"href":"https:\/\/www.caririemacao.com\/1\/wp-json\/wp\/v2\/categories?post=113809"},{"taxonomy":"post_tag","embeddable":true,"href":"https:\/\/www.caririemacao.com\/1\/wp-json\/wp\/v2\/tags?post=113809"}],"curies":[{"name":"wp","href":"https:\/\/api.w.org\/{rel}","templated":true}]}}