{"id":113825,"date":"2019-09-03T20:55:31","date_gmt":"2019-09-03T23:55:31","guid":{"rendered":"http:\/\/www.caririemacao.com\/1\/?p=113825"},"modified":"2019-09-03T20:55:31","modified_gmt":"2019-09-03T23:55:31","slug":"confira-o-edital-para-licitacao-das-lojas-do-shopping-em-sume","status":"publish","type":"post","link":"https:\/\/www.caririemacao.com\/1\/2019\/09\/03\/confira-o-edital-para-licitacao-das-lojas-do-shopping-em-sume\/","title":{"rendered":"Confira o edital para licita\u00e7\u00e3o das lojas do Shopping em Sum\u00e9"},"content":{"rendered":"\n<p>A Prefeitura de Sum\u00e9 realizou na \u00faltima sexta-feira (30), evento para lan\u00e7amento do edital de licita\u00e7\u00e3o das lojas do Shopping que ser\u00e1 inaugurado em breve na cidade.<\/p>\n\n\n\n<p>A solenidade ocorreu nas depend\u00eancias do pr\u00f3prio shopping e contou com a participa\u00e7\u00e3o do prefeito, \u00c9den Duarte, secret\u00e1rios municipais, CDL, representantes do com\u00e9rcio local, Banco do Nordeste, Sebrae PB, CDSA\/UFCG e demais interessados no processo licitat\u00f3rio para ocupa\u00e7\u00e3o dos espa\u00e7os no shopping.<\/p>\n\n\n\n<p>Confira o Edital:&nbsp;<a href=\"http:\/\/www.sume.pb.gov.br\/wp-content\/uploads\/2019\/08\/Edital-Lojas-Shopping.pdf\">Edital Lojas Shopping<\/a><\/p>\n","protected":false},"excerpt":{"rendered":"<p>A Prefeitura de Sum\u00e9 realizou na \u00faltima sexta-feira (30), evento para lan\u00e7amento do edital de licita\u00e7\u00e3o das lojas do Shopping que ser\u00e1 inaugurado em breve&hellip; <\/p>\n","protected":false},"author":1,"featured_media":113827,"comment_status":"closed","ping_status":"closed","sticky":false,"template":"","format":"standard","meta":{"sfsi_plus_gutenberg_text_before_share":"","sfsi_plus_gutenberg_show_text_before_share":"","sfsi_plus_gutenberg_icon_type":"","sfsi_plus_gutenberg_icon_alignemt":"","sfsi_plus_gutenburg_max_per_row":"","footnotes":""},"categories":[6,50],"tags":[],"class_list":["post-113825","post","type-post","status-publish","format-standard","has-post-thumbnail","hentry","category-cidades","category-destaque"],"_links":{"self":[{"href":"https:\/\/www.caririemacao.com\/1\/wp-json\/wp\/v2\/posts\/113825","targetHints":{"allow":["GET"]}}],"collection":[{"href":"https:\/\/www.caririemacao.com\/1\/wp-json\/wp\/v2\/posts"}],"about":[{"href":"https:\/\/www.caririemacao.com\/1\/wp-json\/wp\/v2\/types\/post"}],"author":[{"embeddable":true,"href":"https:\/\/www.caririemacao.com\/1\/wp-json\/wp\/v2\/users\/1"}],"replies":[{"embeddable":true,"href":"https:\/\/www.caririemacao.com\/1\/wp-json\/wp\/v2\/comments?post=113825"}],"version-history":[{"count":1,"href":"https:\/\/www.caririemacao.com\/1\/wp-json\/wp\/v2\/posts\/113825\/revisions"}],"predecessor-version":[{"id":113828,"href":"https:\/\/www.caririemacao.com\/1\/wp-json\/wp\/v2\/posts\/113825\/revisions\/113828"}],"wp:featuredmedia":[{"embeddable":true,"href":"https:\/\/www.caririemacao.com\/1\/wp-json\/wp\/v2\/media\/113827"}],"wp:attachment":[{"href":"https:\/\/www.caririemacao.com\/1\/wp-json\/wp\/v2\/media?parent=113825"}],"wp:term":[{"taxonomy":"category","embeddable":true,"href":"https:\/\/www.caririemacao.com\/1\/wp-json\/wp\/v2\/categories?post=113825"},{"taxonomy":"post_tag","embeddable":true,"href":"https:\/\/www.caririemacao.com\/1\/wp-json\/wp\/v2\/tags?post=113825"}],"curies":[{"name":"wp","href":"https:\/\/api.w.org\/{rel}","templated":true}]}}