{"id":113867,"date":"2019-09-04T08:18:49","date_gmt":"2019-09-04T11:18:49","guid":{"rendered":"http:\/\/www.caririemacao.com\/1\/?p=113867"},"modified":"2019-09-04T08:18:49","modified_gmt":"2019-09-04T11:18:49","slug":"inscricoes-para-concurso-da-prefeitura-de-sao-jose-dos-cordeiros-terminam-nesta-quarta-feira","status":"publish","type":"post","link":"https:\/\/www.caririemacao.com\/1\/2019\/09\/04\/inscricoes-para-concurso-da-prefeitura-de-sao-jose-dos-cordeiros-terminam-nesta-quarta-feira\/","title":{"rendered":"Inscri\u00e7\u00f5es para concurso da Prefeitura de S\u00e3o Jos\u00e9 dos Cordeiros terminam nesta quarta-feira"},"content":{"rendered":"\n<p>A Prefeitura de S\u00e3o Jos\u00e9 dos Cordeiros inscreve at\u00e9 esta quarta-feira (4) para concurso com 28 vagas remunera\u00e7\u00f5es entre R$ 998 e R$ 12.188.\u00a0<a href=\"https:\/\/cpcon.uepb.edu.br\/concursos\/2019_PM_SAO_JOSE_DOS_CORDEIROS\/\"><strong>Veja aqui o edital.<\/strong><\/a><\/p>\n\n\n\n<p>Ao todo est\u00e3o sendo oferecidas 28 vagas para cargos em todos os n\u00edveis de escolaridade. As inscri\u00e7\u00f5es estar\u00e3o abertas at\u00e9 o dia 04 de setembro e poder\u00e3o ser feitas exclusivamente pela internet no endere\u00e7o:&nbsp;<a href=\"http:\/\/www.cpcon.uepb.edu.br\/\">www.cpcon.uepb.edu.br<\/a>.<\/p>\n\n\n\n<p>Est\u00e3o sendo ofertadas vagas para os cargos de Auxiliar de Servi\u00e7os Gerais, Eletricista, Merendeira, Operador de M\u00e1quinas, Pedreiro, Sepultador, Operador de M\u00e1quinas pesadas, Agente Comunit\u00e1rio de Sa\u00fade, Cuidador, Motorista, T\u00e9cnico em Enfermagem, T\u00e9cnico em Sa\u00fade Bucal, Assistente Social, Administrador p\u00fablico, Agroec\u00f3logo, Fisioterapeuta, Fonoaudi\u00f3logo, M\u00e9dico, Nutricionista, Odont\u00f3logo PSF, Professor A e Psicopedagogo.<\/p>\n\n\n\n<p>As provas devem ocorrer no dia 20 de outubro. As inscri\u00e7\u00f5es para os cargos de N\u00edvel Fundamental custar\u00e3o R$ 65,00, os cargos de N\u00edvel M\u00e9dio\/T\u00e9cnico R$ 85,00 e os de N\u00edvel Superior: R$ 105,00.<\/p>\n","protected":false},"excerpt":{"rendered":"<p>A Prefeitura de S\u00e3o Jos\u00e9 dos Cordeiros inscreve at\u00e9 esta quarta-feira (4) para concurso com 28 vagas remunera\u00e7\u00f5es entre R$ 998 e R$ 12.188.\u00a0Veja aqui&hellip; <\/p>\n","protected":false},"author":1,"featured_media":98294,"comment_status":"closed","ping_status":"closed","sticky":false,"template":"","format":"standard","meta":{"sfsi_plus_gutenberg_text_before_share":"","sfsi_plus_gutenberg_show_text_before_share":"","sfsi_plus_gutenberg_icon_type":"","sfsi_plus_gutenberg_icon_alignemt":"","sfsi_plus_gutenburg_max_per_row":"","footnotes":""},"categories":[2],"tags":[],"class_list":["post-113867","post","type-post","status-publish","format-standard","has-post-thumbnail","hentry","category-geral"],"_links":{"self":[{"href":"https:\/\/www.caririemacao.com\/1\/wp-json\/wp\/v2\/posts\/113867","targetHints":{"allow":["GET"]}}],"collection":[{"href":"https:\/\/www.caririemacao.com\/1\/wp-json\/wp\/v2\/posts"}],"about":[{"href":"https:\/\/www.caririemacao.com\/1\/wp-json\/wp\/v2\/types\/post"}],"author":[{"embeddable":true,"href":"https:\/\/www.caririemacao.com\/1\/wp-json\/wp\/v2\/users\/1"}],"replies":[{"embeddable":true,"href":"https:\/\/www.caririemacao.com\/1\/wp-json\/wp\/v2\/comments?post=113867"}],"version-history":[{"count":1,"href":"https:\/\/www.caririemacao.com\/1\/wp-json\/wp\/v2\/posts\/113867\/revisions"}],"predecessor-version":[{"id":113869,"href":"https:\/\/www.caririemacao.com\/1\/wp-json\/wp\/v2\/posts\/113867\/revisions\/113869"}],"wp:featuredmedia":[{"embeddable":true,"href":"https:\/\/www.caririemacao.com\/1\/wp-json\/wp\/v2\/media\/98294"}],"wp:attachment":[{"href":"https:\/\/www.caririemacao.com\/1\/wp-json\/wp\/v2\/media?parent=113867"}],"wp:term":[{"taxonomy":"category","embeddable":true,"href":"https:\/\/www.caririemacao.com\/1\/wp-json\/wp\/v2\/categories?post=113867"},{"taxonomy":"post_tag","embeddable":true,"href":"https:\/\/www.caririemacao.com\/1\/wp-json\/wp\/v2\/tags?post=113867"}],"curies":[{"name":"wp","href":"https:\/\/api.w.org\/{rel}","templated":true}]}}