{"id":113891,"date":"2019-09-04T08:30:20","date_gmt":"2019-09-04T11:30:20","guid":{"rendered":"http:\/\/www.caririemacao.com\/1\/?p=113891"},"modified":"2019-09-04T08:30:20","modified_gmt":"2019-09-04T11:30:20","slug":"bolsonaro-exonera-presidente-da-abdi","status":"publish","type":"post","link":"https:\/\/www.caririemacao.com\/1\/2019\/09\/04\/bolsonaro-exonera-presidente-da-abdi\/","title":{"rendered":"Bolsonaro exonera presidente da ABDI"},"content":{"rendered":"\n<p> Luiz Augusto de Souza Ferreira n\u00e3o \u00e9 mais o presidente da Ag\u00eancia Brasileira de Desenvolvimento Industrial (ABDI). O decreto de exonera\u00e7\u00e3o, assinado pelo presidente da Rep\u00fablica, Jair Bolsonaro, est\u00e1 publicado no<a rel=\"noreferrer noopener\" href=\"http:\/\/www.in.gov.br\/en\/web\/dou\/-\/decretos-de-3-de-setembro-de-2019-214318272\" target=\"_blank\"><em>\u00a0Di\u00e1rio Oficial da Uni\u00e3o<\/em><\/a>desta quarta-feira (4).<\/p>\n\n\n\n<p>Para o lugar de Luiz Augusto, o presidente da Rep\u00fablica nomeou Igor Nogueira Calver. O decreto est\u00e1 tamb\u00e9m publicado no&nbsp;<em>Di\u00e1rio Oficial<\/em>. Igor assume o cargo para um mandato de quatro anos.<\/p>\n\n\n\n<p>A exonera\u00e7\u00e3o ocorre ap\u00f3s o presidente Jair Bolsonaro ter determinado a apura\u00e7\u00e3o de uma declara\u00e7\u00e3o do ent\u00e3o presidente da ABDI, sobre ter recebido pedidos \u201cn\u00e3o republicanos\u201d do secret\u00e1rio especial de Produtividade e Emprego do Minist\u00e9rio da Economia, Carlos da Costa.<\/p>\n\n\n\n<p>Jair Bolsonaro falou sobre assunto, na segunda-feira (2) pela manh\u00e3, durante entrevista \u00e0 imprensa na sa\u00edda do Pal\u00e1cio da Alvorada, quando disse que, ao tomar conhecimento do caso, determinou sua apura\u00e7\u00e3o.<\/p>\n","protected":false},"excerpt":{"rendered":"<p>Luiz Augusto de Souza Ferreira n\u00e3o \u00e9 mais o presidente da Ag\u00eancia Brasileira de Desenvolvimento Industrial (ABDI). O decreto de exonera\u00e7\u00e3o, assinado pelo presidente da&hellip; <\/p>\n","protected":false},"author":1,"featured_media":110902,"comment_status":"closed","ping_status":"closed","sticky":false,"template":"","format":"standard","meta":{"sfsi_plus_gutenberg_text_before_share":"","sfsi_plus_gutenberg_show_text_before_share":"","sfsi_plus_gutenberg_icon_type":"","sfsi_plus_gutenberg_icon_alignemt":"","sfsi_plus_gutenburg_max_per_row":"","footnotes":""},"categories":[11],"tags":[],"class_list":["post-113891","post","type-post","status-publish","format-standard","has-post-thumbnail","hentry","category-politica"],"_links":{"self":[{"href":"https:\/\/www.caririemacao.com\/1\/wp-json\/wp\/v2\/posts\/113891","targetHints":{"allow":["GET"]}}],"collection":[{"href":"https:\/\/www.caririemacao.com\/1\/wp-json\/wp\/v2\/posts"}],"about":[{"href":"https:\/\/www.caririemacao.com\/1\/wp-json\/wp\/v2\/types\/post"}],"author":[{"embeddable":true,"href":"https:\/\/www.caririemacao.com\/1\/wp-json\/wp\/v2\/users\/1"}],"replies":[{"embeddable":true,"href":"https:\/\/www.caririemacao.com\/1\/wp-json\/wp\/v2\/comments?post=113891"}],"version-history":[{"count":1,"href":"https:\/\/www.caririemacao.com\/1\/wp-json\/wp\/v2\/posts\/113891\/revisions"}],"predecessor-version":[{"id":113893,"href":"https:\/\/www.caririemacao.com\/1\/wp-json\/wp\/v2\/posts\/113891\/revisions\/113893"}],"wp:featuredmedia":[{"embeddable":true,"href":"https:\/\/www.caririemacao.com\/1\/wp-json\/wp\/v2\/media\/110902"}],"wp:attachment":[{"href":"https:\/\/www.caririemacao.com\/1\/wp-json\/wp\/v2\/media?parent=113891"}],"wp:term":[{"taxonomy":"category","embeddable":true,"href":"https:\/\/www.caririemacao.com\/1\/wp-json\/wp\/v2\/categories?post=113891"},{"taxonomy":"post_tag","embeddable":true,"href":"https:\/\/www.caririemacao.com\/1\/wp-json\/wp\/v2\/tags?post=113891"}],"curies":[{"name":"wp","href":"https:\/\/api.w.org\/{rel}","templated":true}]}}