{"id":113921,"date":"2019-09-04T08:39:20","date_gmt":"2019-09-04T11:39:20","guid":{"rendered":"http:\/\/www.caririemacao.com\/1\/?p=113921"},"modified":"2019-09-04T08:39:20","modified_gmt":"2019-09-04T11:39:20","slug":"menos-da-metade-dos-brasileiros-com-conta-do-fgts-quer-sacar-r-500","status":"publish","type":"post","link":"https:\/\/www.caririemacao.com\/1\/2019\/09\/04\/menos-da-metade-dos-brasileiros-com-conta-do-fgts-quer-sacar-r-500\/","title":{"rendered":"Menos da metade dos brasileiros com conta do FGTS quer sacar R$ 500"},"content":{"rendered":"\n<p> Menos da metade dos brasileiros que t\u00eam conta ativa ou inativa do FGTS, 45%, pretende sacar at\u00e9 R$ 500 do fundo, segundo pesquisa do Datafolha. De acordo com o levantamento, 52% n\u00e3o querem retirar o dinheiro e 2% n\u00e3o sabem.<\/p>\n\n\n\n<p>O saque come\u00e7a no dia 13 de setembro para quem tem conta na Caixa Econ\u00f4mica.<\/p>\n\n\n\n<p>Para quem n\u00e3o tem, o saque ser\u00e1 de acordo com a data do anivers\u00e1rio, a partir de outubro, para os nascidos em janeiro e fevereiro.<\/p>\n\n\n\n<p>Dentre as pessoas com conta, a disposi\u00e7\u00e3o para sacar at\u00e9 R$ 500 \u00e9 maior entre os desempregados que est\u00e3o procurando trabalho (63%) e freelancers (62%).<\/p>\n\n\n\n<p>J\u00e1 para a regra que entra em vigor em 2020, que permite retirar um percentual do fundo todos os anos -o chamado saque-anivers\u00e1rio-, a ades\u00e3o \u00e9 menor.<\/p>\n\n\n\n<p>Apenas 27% dos entrevistados com contas querem usar a modalidade, 67% n\u00e3o querem e 6% n\u00e3o sabem.<\/p>\n\n\n\n<p>As donas de casas s\u00e3o as mais inclinadas a adotar o modelo de saque-anivers\u00e1rio (45%), dentre as pessoas com conta ativa ou inativa.<\/p>\n\n\n\n<p>Nascidos em janeiro e fevereiro poder\u00e3o sacar de abril a junho de 2020. Os nascidos em mar\u00e7o e abril, de maio a julho de 2020, e assim por diante, at\u00e9 fevereiro de 2021.<\/p>\n\n\n\n<p>O levantamento do Datafolha foi realizado entre 29 e 30 de agosto de 2019, com 2.878 entrevistados acima de 16 anos, em 175 munic\u00edpios de todas as regi\u00f5es do pa\u00eds.<\/p>\n\n\n\n<p>A margem de erro \u00e9 de 2 pontos percentuais, para mais ou para menos.<\/p>\n\n\n\n<p>A pesquisa apontou ainda que a maioria dos brasileiros, 61%, n\u00e3o tem conta ativa ou inativa do FGTS -apenas 36% t\u00eam e 3% n\u00e3o sabem.<\/p>\n\n\n\n<p>A parcela de entrevistados com conta \u00e9 maior para homens, 41%, do que para mulheres, 31% -h\u00e1 mais homens do que mulheres no mercado de trabalho.<\/p>\n\n\n\n<p>A taxa tamb\u00e9m \u00e9 mais alta entre pessoas de 25 a 34 anos (52%) e 35 a 44 anos (47%). J\u00e1 o menor \u00edndice se encontra entre os brasileiros acima de 60 anos (13%) -uma das op\u00e7\u00f5es para saque de todo o FGTS \u00e9 na aposentadoria.<\/p>\n\n\n\n<p>O Nordeste e o Norte s\u00e3o as regi\u00f5es com a menor parcela de pessoas com contas, 25% e 26%, respectivamente, regi\u00f5es em que a informalidade \u00e9 maior do que no restante do pa\u00eds.<\/p>\n\n\n\n<p>O \u00edndice aumenta de acordo com a escolaridade. Entre brasileiros com ensino fundamental, \u00e9 de 23%, taxa que passa para 49% para os com n\u00edvel superior.<\/p>\n\n\n\n<p>Tamb\u00e9m segundo o IBGE, o desemprego \u00e9 menor entre os mais escolarizados.<\/p>\n\n\n\n<p>Por outro lado, os mais pobres s\u00e3o os que menos t\u00eam contas do FGTS -apenas 28%, entre brasileiros com renda familiar mensal menor que dois sal\u00e1rios m\u00ednimos.<\/p>\n","protected":false},"excerpt":{"rendered":"<p>Menos da metade dos brasileiros que t\u00eam conta ativa ou inativa do FGTS, 45%, pretende sacar at\u00e9 R$ 500 do fundo, segundo pesquisa do Datafolha.&hellip; <\/p>\n","protected":false},"author":1,"featured_media":11779,"comment_status":"closed","ping_status":"closed","sticky":false,"template":"","format":"standard","meta":{"sfsi_plus_gutenberg_text_before_share":"","sfsi_plus_gutenberg_show_text_before_share":"","sfsi_plus_gutenberg_icon_type":"","sfsi_plus_gutenberg_icon_alignemt":"","sfsi_plus_gutenburg_max_per_row":"","footnotes":""},"categories":[2],"tags":[],"class_list":["post-113921","post","type-post","status-publish","format-standard","has-post-thumbnail","hentry","category-geral"],"_links":{"self":[{"href":"https:\/\/www.caririemacao.com\/1\/wp-json\/wp\/v2\/posts\/113921","targetHints":{"allow":["GET"]}}],"collection":[{"href":"https:\/\/www.caririemacao.com\/1\/wp-json\/wp\/v2\/posts"}],"about":[{"href":"https:\/\/www.caririemacao.com\/1\/wp-json\/wp\/v2\/types\/post"}],"author":[{"embeddable":true,"href":"https:\/\/www.caririemacao.com\/1\/wp-json\/wp\/v2\/users\/1"}],"replies":[{"embeddable":true,"href":"https:\/\/www.caririemacao.com\/1\/wp-json\/wp\/v2\/comments?post=113921"}],"version-history":[{"count":1,"href":"https:\/\/www.caririemacao.com\/1\/wp-json\/wp\/v2\/posts\/113921\/revisions"}],"predecessor-version":[{"id":113923,"href":"https:\/\/www.caririemacao.com\/1\/wp-json\/wp\/v2\/posts\/113921\/revisions\/113923"}],"wp:featuredmedia":[{"embeddable":true,"href":"https:\/\/www.caririemacao.com\/1\/wp-json\/wp\/v2\/media\/11779"}],"wp:attachment":[{"href":"https:\/\/www.caririemacao.com\/1\/wp-json\/wp\/v2\/media?parent=113921"}],"wp:term":[{"taxonomy":"category","embeddable":true,"href":"https:\/\/www.caririemacao.com\/1\/wp-json\/wp\/v2\/categories?post=113921"},{"taxonomy":"post_tag","embeddable":true,"href":"https:\/\/www.caririemacao.com\/1\/wp-json\/wp\/v2\/tags?post=113921"}],"curies":[{"name":"wp","href":"https:\/\/api.w.org\/{rel}","templated":true}]}}