{"id":114007,"date":"2019-09-04T11:29:42","date_gmt":"2019-09-04T14:29:42","guid":{"rendered":"http:\/\/www.caririemacao.com\/1\/?p=114007"},"modified":"2019-09-04T11:29:42","modified_gmt":"2019-09-04T14:29:42","slug":"prefeito-de-sao-jose-dos-cordeiros-se-reune-com-secretario-de-educacao-e-volta-a-pedir-construcao-de-nova-escola-estadual","status":"publish","type":"post","link":"https:\/\/www.caririemacao.com\/1\/2019\/09\/04\/prefeito-de-sao-jose-dos-cordeiros-se-reune-com-secretario-de-educacao-e-volta-a-pedir-construcao-de-nova-escola-estadual\/","title":{"rendered":"Prefeito de S\u00e3o Jos\u00e9 dos Cordeiros se re\u00fane com secret\u00e1rio de educa\u00e7\u00e3o e volta a pedir constru\u00e7\u00e3o de nova escola estadual"},"content":{"rendered":"\n<p>Na tarde desta ter\u00e7a-feira (03), no gabinete do presidente da Assembl\u00e9ia, Adriano Galdino, o prefeito de S\u00e3o Jos\u00e9 dos Cordeiros, Jefferson Roberto, esteve reunido com o secret\u00e1rio de educa\u00e7\u00e3o do Estado, Al\u00e9ssio Trindade. No encontro, o gestor pediu empenho do auxiliar na libera\u00e7\u00e3o de conv\u00eanios, fruto de emenda do deputado Adriano Galdino e voltou a pedir a constru\u00e7\u00e3o de uma nova escola para a rede estadual em S\u00e3o Jos\u00e9 dos Cordeiros.<\/p>\n\n\n\n<p>O prefeito fez ainda um gesto concreto para o Governo do Estado no sentido de acelerar a prioridade para constru\u00e7\u00e3o da escola. Segundo garantiu o prefeito Jefferson Roberto, a Prefeitura de S\u00e3o Jos\u00e9 dos Cordeiros vai adquirir e doar o terreno necess\u00e1rio para constru\u00e7\u00e3o da nova escola Bartolomeu Maracaj\u00e1. O secret\u00e1rio ficou satisfeito com o compromisso e disse que vai se empenhar para acelerar a inclus\u00e3o dessa obra no plano de a\u00e7\u00f5es da Secretaria de Educa\u00e7\u00e3o.<\/p>\n\n\n\n<p>\u201cNa \u00faltima plen\u00e1ria do ODE a constru\u00e7\u00e3o da nova escola estadual de S\u00e3o Jos\u00e9 dos Cordeiros j\u00e1 foi colocada como demanda regional e esperamos que no menor espa\u00e7o de tempo poss\u00edvel, essa obra esteja sendo viabilizada. Nosso grupo pol\u00edtico continuar\u00e1 empenhado nesse pleito e esperamos em breve beneficiar nossos estudantes\u201d, pontuou Jefferson.<\/p>\n\n\n\n<p>Os outros dois conv\u00eanios solicitados pelo prefeito Jefferson na audi\u00eancia s\u00e3o emendas do deputado Adriano Galdino para aquisi\u00e7\u00e3o de ve\u00edculos destinados \u00e0 educa\u00e7\u00e3o.<\/p>\n","protected":false},"excerpt":{"rendered":"<p>Na tarde desta ter\u00e7a-feira (03), no gabinete do presidente da Assembl\u00e9ia, Adriano Galdino, o prefeito de S\u00e3o Jos\u00e9 dos Cordeiros, Jefferson Roberto, esteve reunido com&hellip; <\/p>\n","protected":false},"author":1,"featured_media":114009,"comment_status":"closed","ping_status":"closed","sticky":false,"template":"","format":"standard","meta":{"sfsi_plus_gutenberg_text_before_share":"","sfsi_plus_gutenberg_show_text_before_share":"","sfsi_plus_gutenberg_icon_type":"","sfsi_plus_gutenberg_icon_alignemt":"","sfsi_plus_gutenburg_max_per_row":"","footnotes":""},"categories":[2],"tags":[],"class_list":["post-114007","post","type-post","status-publish","format-standard","has-post-thumbnail","hentry","category-geral"],"_links":{"self":[{"href":"https:\/\/www.caririemacao.com\/1\/wp-json\/wp\/v2\/posts\/114007","targetHints":{"allow":["GET"]}}],"collection":[{"href":"https:\/\/www.caririemacao.com\/1\/wp-json\/wp\/v2\/posts"}],"about":[{"href":"https:\/\/www.caririemacao.com\/1\/wp-json\/wp\/v2\/types\/post"}],"author":[{"embeddable":true,"href":"https:\/\/www.caririemacao.com\/1\/wp-json\/wp\/v2\/users\/1"}],"replies":[{"embeddable":true,"href":"https:\/\/www.caririemacao.com\/1\/wp-json\/wp\/v2\/comments?post=114007"}],"version-history":[{"count":1,"href":"https:\/\/www.caririemacao.com\/1\/wp-json\/wp\/v2\/posts\/114007\/revisions"}],"predecessor-version":[{"id":114010,"href":"https:\/\/www.caririemacao.com\/1\/wp-json\/wp\/v2\/posts\/114007\/revisions\/114010"}],"wp:featuredmedia":[{"embeddable":true,"href":"https:\/\/www.caririemacao.com\/1\/wp-json\/wp\/v2\/media\/114009"}],"wp:attachment":[{"href":"https:\/\/www.caririemacao.com\/1\/wp-json\/wp\/v2\/media?parent=114007"}],"wp:term":[{"taxonomy":"category","embeddable":true,"href":"https:\/\/www.caririemacao.com\/1\/wp-json\/wp\/v2\/categories?post=114007"},{"taxonomy":"post_tag","embeddable":true,"href":"https:\/\/www.caririemacao.com\/1\/wp-json\/wp\/v2\/tags?post=114007"}],"curies":[{"name":"wp","href":"https:\/\/api.w.org\/{rel}","templated":true}]}}