{"id":114020,"date":"2019-09-04T11:31:54","date_gmt":"2019-09-04T14:31:54","guid":{"rendered":"http:\/\/www.caririemacao.com\/1\/?p=114020"},"modified":"2019-09-04T11:31:54","modified_gmt":"2019-09-04T14:31:54","slug":"privatizacao-dos-correios-proposta-por-bolsonaro-deve-fechar-agencias-no-interior-da-paraiba-sindicato-prepara-greve","status":"publish","type":"post","link":"https:\/\/www.caririemacao.com\/1\/2019\/09\/04\/privatizacao-dos-correios-proposta-por-bolsonaro-deve-fechar-agencias-no-interior-da-paraiba-sindicato-prepara-greve\/","title":{"rendered":"Privatiza\u00e7\u00e3o dos Correios proposta por Bolsonaro deve fechar ag\u00eancias no interior da Para\u00edba; sindicato prepara greve"},"content":{"rendered":"\n<p>A privatiza\u00e7\u00e3o dos Correios \u00e9 um dos temas mais questionados pelos funcion\u00e1rios do \u00f3rg\u00e3o, que se re\u00fanem na pr\u00f3xima ter\u00e7a-feira (10) para deliberar da greve que deve iniciar na quarta (11). Na Para\u00edba, o Sindicato dos Trabalhadores em Correios e Tel\u00e9grafos (Sintect) prev\u00ea que caso passe para a iniciativa privada, as ag\u00eancias n\u00e3o v\u00e3o funcionar em cidades pequenas.<\/p>\n\n\n\n<p>Presidente do Sintect, Tony S\u00e9rgio argumentou que as empresas privadas se preocupam apenas com lucros e pela baixa demanda em pequenos munic\u00edpios, o \u00f3rg\u00e3o n\u00e3o teria interesse em manter ag\u00eancias nessas cidades. \u201cEnquanto \u00f3rg\u00e3o p\u00fablico, os Correios tem subs\u00eddios para que as ag\u00eancias funcionem\u201d, pontuou.<\/p>\n\n\n\n<p>Ainda conforme Tony, as organiza\u00e7\u00f5es n\u00e3o possuem \u2018capilaridade\u2019 para realizar interc\u00e2mbio internacional e entregar em nestes pequenos munic\u00edpios encomendas de outros pa\u00edses. \u201cEles n\u00e3o v\u00e3o querer manter uma ag\u00eancia em Coxixola, Mariz\u00f3polis, Sum\u00e9 e cidades pequenas\u201d, avalia.<\/p>\n\n\n\n<p>Para os trabalhadores, privatizar significa tamb\u00e9m demiss\u00e3o em massa. \u201cEla \u00e9 nociva, um problema maior e pode trazer al\u00e9m do fechamento de ag\u00eancias, o sucateamento\u201d, disse Tony. Entre os motivos para a greve geral tamb\u00e9m est\u00e3o o acompanhamento salarial e a reposi\u00e7\u00e3o inflacion\u00e1ria.<\/p>\n\n\n\n<p>Falta de di\u00e1logo<\/p>\n\n\n\n<p>Segundo o presidente, um representante da Para\u00edba est\u00e1 desde 25 de junho em Bras\u00edlia para dialogar com a dire\u00e7\u00e3o dos Correios, mas ainda n\u00e3o teve qualquer retorno. \u201cO governo n\u00e3o quer negociar, quer entregar o patrim\u00f4nio p\u00fablico\u201d, considerou.<\/p>\n","protected":false},"excerpt":{"rendered":"<p>A privatiza\u00e7\u00e3o dos Correios \u00e9 um dos temas mais questionados pelos funcion\u00e1rios do \u00f3rg\u00e3o, que se re\u00fanem na pr\u00f3xima ter\u00e7a-feira (10) para deliberar da greve&hellip; <\/p>\n","protected":false},"author":1,"featured_media":43941,"comment_status":"closed","ping_status":"closed","sticky":false,"template":"","format":"standard","meta":{"sfsi_plus_gutenberg_text_before_share":"","sfsi_plus_gutenberg_show_text_before_share":"","sfsi_plus_gutenberg_icon_type":"","sfsi_plus_gutenberg_icon_alignemt":"","sfsi_plus_gutenburg_max_per_row":"","footnotes":""},"categories":[2],"tags":[],"class_list":["post-114020","post","type-post","status-publish","format-standard","has-post-thumbnail","hentry","category-geral"],"_links":{"self":[{"href":"https:\/\/www.caririemacao.com\/1\/wp-json\/wp\/v2\/posts\/114020","targetHints":{"allow":["GET"]}}],"collection":[{"href":"https:\/\/www.caririemacao.com\/1\/wp-json\/wp\/v2\/posts"}],"about":[{"href":"https:\/\/www.caririemacao.com\/1\/wp-json\/wp\/v2\/types\/post"}],"author":[{"embeddable":true,"href":"https:\/\/www.caririemacao.com\/1\/wp-json\/wp\/v2\/users\/1"}],"replies":[{"embeddable":true,"href":"https:\/\/www.caririemacao.com\/1\/wp-json\/wp\/v2\/comments?post=114020"}],"version-history":[{"count":1,"href":"https:\/\/www.caririemacao.com\/1\/wp-json\/wp\/v2\/posts\/114020\/revisions"}],"predecessor-version":[{"id":114023,"href":"https:\/\/www.caririemacao.com\/1\/wp-json\/wp\/v2\/posts\/114020\/revisions\/114023"}],"wp:featuredmedia":[{"embeddable":true,"href":"https:\/\/www.caririemacao.com\/1\/wp-json\/wp\/v2\/media\/43941"}],"wp:attachment":[{"href":"https:\/\/www.caririemacao.com\/1\/wp-json\/wp\/v2\/media?parent=114020"}],"wp:term":[{"taxonomy":"category","embeddable":true,"href":"https:\/\/www.caririemacao.com\/1\/wp-json\/wp\/v2\/categories?post=114020"},{"taxonomy":"post_tag","embeddable":true,"href":"https:\/\/www.caririemacao.com\/1\/wp-json\/wp\/v2\/tags?post=114020"}],"curies":[{"name":"wp","href":"https:\/\/api.w.org\/{rel}","templated":true}]}}