{"id":114048,"date":"2019-09-04T11:41:08","date_gmt":"2019-09-04T14:41:08","guid":{"rendered":"http:\/\/www.caririemacao.com\/1\/?p=114048"},"modified":"2019-09-04T11:41:08","modified_gmt":"2019-09-04T14:41:08","slug":"advocacia-do-senado-emite-parecer-favoravel-a-eduardo-bolsonaro","status":"publish","type":"post","link":"https:\/\/www.caririemacao.com\/1\/2019\/09\/04\/advocacia-do-senado-emite-parecer-favoravel-a-eduardo-bolsonaro\/","title":{"rendered":"Advocacia do Senado emite parecer favor\u00e1vel a Eduardo Bolsonaro"},"content":{"rendered":"\n<p>Em resposta \u00e0 consulta feita pelo presidente do Senado, Davi Alcolumbre(DEM-AP), parecer assinado pela Advocacia-geral da Casa \u00e9 favor\u00e1vel \u00e0 nomea\u00e7\u00e3o do deputado Eduardo Bolsonaro (PSL-SP) para o cargo de embaixador do Brasil nos Estados Unidos. No parecer, entregue ontem (3) com a assinatura de seis advogados do Senado, eles descartam que o caso possa ser caracterizado como nepotismo, alegam que o cargo de embaixador tem natureza pol\u00edtica, similar ao de ministro. A defesa \u00e9 que sua nomea\u00e7\u00e3o depende apenas da vontade pol\u00edtica do Executivo e o Legislativo.<\/p>\n\n\n\n<p>\u201cA nomea\u00e7\u00e3o do chefe de miss\u00e3o diplom\u00e1tica de car\u00e1ter permanente e ato complexo, porque depende da emana\u00e7\u00e3o de vontade pol\u00edtica do Poder Executivo e do Poder Legislativo, acentua o car\u00e1ter eminente pol\u00edtico do cargo, que transcende a dimens\u00e3o de governo, por se tratar de fun\u00e7\u00e3o tipicamente estatal (federativa)\u201d, diz o parecer.<\/p>\n\n\n\n<p>No m\u00eas passado, a pedido do senador Alessandro Vieira (Cidadania-SE), a consultoria do Senado produziu parecer condenando a indica\u00e7\u00e3o. \u00c0 \u00e9poca, os t\u00e9cnicos da Casa entenderam que o cargo de embaixador \u00e9 comissionado e, por isso, \u00e9 enquadrado nas regras do Supremo. &#8220;A proibi\u00e7\u00e3o se estende a parentes at\u00e9 o terceiro grau, o que, obviamente, inclui filhos da autoridade nomeante, cujo v\u00ednculo de parentesco \u00e9 o mais pr\u00f3ximo poss\u00edvel&#8221;, diz o documento.<\/p>\n\n\n\n<p>Outro senador a consultar t\u00e9cnicos do Senado sobre o assunto foi o l\u00edder do governo no Senado, Fernando Bezerra Coelho (MDB-PE).&nbsp;No&nbsp;parecer, tamb\u00e9m elaborado pela Consultoria do Senado, \u00e9 considera a possibilidade da nomea\u00e7\u00e3o ser nepotismo.<\/p>\n\n\n\n<p>Apesar de ter dito v\u00e1rias vezes que tem essa inten\u00e7\u00e3o, o presidente Jair Bolsonaro ainda n\u00e3o formalizou a indica\u00e7\u00e3o do filho ao cargo de embaixador em Washington. Caso isso ocorra, o deputado precisar\u00e1 ser sabatinado pela Comiss\u00e3o de Rela\u00e7\u00f5es Exteriores (CRE) do Senado e passar por vota\u00e7\u00e3o no colegiado e no plen\u00e1rio. Nas duas vota\u00e7\u00f5es o voto \u00e9 secreto.<\/p>\n","protected":false},"excerpt":{"rendered":"<p>Em resposta \u00e0 consulta feita pelo presidente do Senado, Davi Alcolumbre(DEM-AP), parecer assinado pela Advocacia-geral da Casa \u00e9 favor\u00e1vel \u00e0 nomea\u00e7\u00e3o do deputado Eduardo Bolsonaro&hellip; <\/p>\n","protected":false},"author":1,"featured_media":104345,"comment_status":"closed","ping_status":"closed","sticky":false,"template":"","format":"standard","meta":{"sfsi_plus_gutenberg_text_before_share":"","sfsi_plus_gutenberg_show_text_before_share":"","sfsi_plus_gutenberg_icon_type":"","sfsi_plus_gutenberg_icon_alignemt":"","sfsi_plus_gutenburg_max_per_row":"","footnotes":""},"categories":[11],"tags":[],"class_list":["post-114048","post","type-post","status-publish","format-standard","has-post-thumbnail","hentry","category-politica"],"_links":{"self":[{"href":"https:\/\/www.caririemacao.com\/1\/wp-json\/wp\/v2\/posts\/114048","targetHints":{"allow":["GET"]}}],"collection":[{"href":"https:\/\/www.caririemacao.com\/1\/wp-json\/wp\/v2\/posts"}],"about":[{"href":"https:\/\/www.caririemacao.com\/1\/wp-json\/wp\/v2\/types\/post"}],"author":[{"embeddable":true,"href":"https:\/\/www.caririemacao.com\/1\/wp-json\/wp\/v2\/users\/1"}],"replies":[{"embeddable":true,"href":"https:\/\/www.caririemacao.com\/1\/wp-json\/wp\/v2\/comments?post=114048"}],"version-history":[{"count":1,"href":"https:\/\/www.caririemacao.com\/1\/wp-json\/wp\/v2\/posts\/114048\/revisions"}],"predecessor-version":[{"id":114050,"href":"https:\/\/www.caririemacao.com\/1\/wp-json\/wp\/v2\/posts\/114048\/revisions\/114050"}],"wp:featuredmedia":[{"embeddable":true,"href":"https:\/\/www.caririemacao.com\/1\/wp-json\/wp\/v2\/media\/104345"}],"wp:attachment":[{"href":"https:\/\/www.caririemacao.com\/1\/wp-json\/wp\/v2\/media?parent=114048"}],"wp:term":[{"taxonomy":"category","embeddable":true,"href":"https:\/\/www.caririemacao.com\/1\/wp-json\/wp\/v2\/categories?post=114048"},{"taxonomy":"post_tag","embeddable":true,"href":"https:\/\/www.caririemacao.com\/1\/wp-json\/wp\/v2\/tags?post=114048"}],"curies":[{"name":"wp","href":"https:\/\/api.w.org\/{rel}","templated":true}]}}