{"id":114061,"date":"2019-09-04T12:07:15","date_gmt":"2019-09-04T15:07:15","guid":{"rendered":"http:\/\/www.caririemacao.com\/1\/?p=114061"},"modified":"2019-09-04T12:07:15","modified_gmt":"2019-09-04T15:07:15","slug":"sambista-elton-medeiros-morre-aos-89-anos-no-rio","status":"publish","type":"post","link":"https:\/\/www.caririemacao.com\/1\/2019\/09\/04\/sambista-elton-medeiros-morre-aos-89-anos-no-rio\/","title":{"rendered":"Sambista Elton Medeiros morre aos 89 anos no Rio"},"content":{"rendered":"\n<p>O sambista Elton Medeiros, conhecido pela composi\u00e7\u00e3o de&nbsp;<em>O Sol Nascer\u00e1<\/em>, em parceria com Cartola, morreu aos 89 anos no Rio&nbsp;de Janeiro. Ele estava internado na Casa de Sa\u00fade Pinheiro Machado, na zona sul da cidade. A pedido da fam\u00edlia, o hospital n\u00e3o deu nenhuma informa\u00e7\u00e3o sobre a morte do artista.<\/p>\n\n\n\n<p>O corpo de Medeiros est\u00e1 sendo velado na capela 1&nbsp;do Cemit\u00e9rio do Catumbi, no centro da cidade, e ser\u00e1 sepultado \u00e0s 15h30. Al\u00e9m de Cartola, o sambista fez parcerias com artistas como Z\u00e9 Ketti e Paulinho da Viola.<\/p>\n\n\n\n<p>A cantora Teresa Cristina divulgou uma mensagem nas redes sociais em que diz que Medeiros foi um dos \u201cmaiores melodistas\u201d com quem ela p\u00f4de conviver. \u201cElton ranzinza que me dava broncas. A \u00faltima foi no programa do Bial, corrigindo uma nota em&nbsp;<em>O sol nascer\u00e1<\/em>\u201d, escreveu a cantora.<\/p>\n\n\n\n<figure class=\"wp-block-image\"><a href=\"https:\/\/twitter.com\/1TeresaCristina\"><img decoding=\"async\" data-src=\"https:\/\/pbs.twimg.com\/profile_images\/1140605942456868865\/R80BJSK0_bigger.jpg\" alt=\"\" src=\"data:image\/svg+xml;base64,PHN2ZyB3aWR0aD0iMSIgaGVpZ2h0PSIxIiB4bWxucz0iaHR0cDovL3d3dy53My5vcmcvMjAwMC9zdmciPjwvc3ZnPg==\" class=\"lazyload\" \/><\/a><\/figure>\n\n\n\n<p><a href=\"https:\/\/twitter.com\/1TeresaCristina\"><strong>Teresa Cristina<\/strong><strong>&#x2714;<\/strong>@1TeresaCristina<\/a><a href=\"https:\/\/twitter.com\/1TeresaCristina\/status\/1169214859793326080\"><\/a><\/p>\n\n\n\n<p>Elton, um dos maiores melodistas q eu tive a gra\u00e7a de conhecer e conviver. Elton ranzinza q me dava broncas-a \u00faltima foi no programa do Bial, corrigindo uma nota em O sol nascer\u00e1. Elton dono da vers\u00e3o mais linda e espetacular de Acontece, do seu parceiro Cartola.<\/p>\n\n\n\n<figure class=\"wp-block-image\"><a href=\"https:\/\/twitter.com\/1TeresaCristina\/status\/1169214859793326080\/photo\/1\"><img decoding=\"async\" src=\"https:\/\/pbs.twimg.com\/media\/EDnimH7XkAAiknA?format=jpg&amp;name=360x360\" alt=\"Ver imagem no Twitter\"\/><\/a><\/figure>\n\n\n\n<figure class=\"wp-block-image\"><a href=\"https:\/\/twitter.com\/1TeresaCristina\/status\/1169214859793326080\/photo\/1\"><img decoding=\"async\" src=\"https:\/\/pbs.twimg.com\/media\/EDnimH9XoAEKgCy?format=jpg&amp;name=360x360\" alt=\"Ver imagem no Twitter\"\/><\/a><\/figure>\n\n\n\n<figure class=\"wp-block-image\"><a href=\"https:\/\/twitter.com\/1TeresaCristina\/status\/1169214859793326080\/photo\/1\"><img decoding=\"async\" src=\"https:\/\/pbs.twimg.com\/media\/EDnimH_XoAEnwad?format=jpg&amp;name=360x360\" alt=\"Ver imagem no Twitter\"\/><\/a><\/figure>\n\n\n\n<p><a href=\"https:\/\/twitter.com\/intent\/like?tweet_id=1169214859793326080\">129<\/a><a href=\"https:\/\/twitter.com\/1TeresaCristina\/status\/1169214859793326080\">08:45 &#8211; 4 de set de 2019<\/a><\/p>\n\n\n\n<p>Relembre o programa&nbsp;<em>Todas as Bossas<\/em>, da&nbsp;<strong>TV Brasil<\/strong>, dedicado ao sambista Elton Medeiros:<\/p>\n\n\n\n<figure><iframe allowfullscreen=\"\" data-src=\"https:\/\/www.youtube.com\/embed\/fMNbhTRAHKo\" src=\"data:image\/svg+xml;base64,PHN2ZyB3aWR0aD0iMSIgaGVpZ2h0PSIxIiB4bWxucz0iaHR0cDovL3d3dy53My5vcmcvMjAwMC9zdmciPjwvc3ZnPg==\" class=\"lazyload\" data-load-mode=\"1\"><\/iframe><\/figure>\n","protected":false},"excerpt":{"rendered":"<p>O sambista Elton Medeiros, conhecido pela composi\u00e7\u00e3o de&nbsp;O Sol Nascer\u00e1, em parceria com Cartola, morreu aos 89 anos no Rio&nbsp;de Janeiro. Ele estava internado na&hellip; <\/p>\n","protected":false},"author":1,"featured_media":114063,"comment_status":"closed","ping_status":"closed","sticky":false,"template":"","format":"standard","meta":{"sfsi_plus_gutenberg_text_before_share":"","sfsi_plus_gutenberg_show_text_before_share":"","sfsi_plus_gutenberg_icon_type":"","sfsi_plus_gutenberg_icon_alignemt":"","sfsi_plus_gutenburg_max_per_row":"","footnotes":""},"categories":[2],"tags":[],"class_list":["post-114061","post","type-post","status-publish","format-standard","has-post-thumbnail","hentry","category-geral"],"_links":{"self":[{"href":"https:\/\/www.caririemacao.com\/1\/wp-json\/wp\/v2\/posts\/114061","targetHints":{"allow":["GET"]}}],"collection":[{"href":"https:\/\/www.caririemacao.com\/1\/wp-json\/wp\/v2\/posts"}],"about":[{"href":"https:\/\/www.caririemacao.com\/1\/wp-json\/wp\/v2\/types\/post"}],"author":[{"embeddable":true,"href":"https:\/\/www.caririemacao.com\/1\/wp-json\/wp\/v2\/users\/1"}],"replies":[{"embeddable":true,"href":"https:\/\/www.caririemacao.com\/1\/wp-json\/wp\/v2\/comments?post=114061"}],"version-history":[{"count":1,"href":"https:\/\/www.caririemacao.com\/1\/wp-json\/wp\/v2\/posts\/114061\/revisions"}],"predecessor-version":[{"id":114064,"href":"https:\/\/www.caririemacao.com\/1\/wp-json\/wp\/v2\/posts\/114061\/revisions\/114064"}],"wp:featuredmedia":[{"embeddable":true,"href":"https:\/\/www.caririemacao.com\/1\/wp-json\/wp\/v2\/media\/114063"}],"wp:attachment":[{"href":"https:\/\/www.caririemacao.com\/1\/wp-json\/wp\/v2\/media?parent=114061"}],"wp:term":[{"taxonomy":"category","embeddable":true,"href":"https:\/\/www.caririemacao.com\/1\/wp-json\/wp\/v2\/categories?post=114061"},{"taxonomy":"post_tag","embeddable":true,"href":"https:\/\/www.caririemacao.com\/1\/wp-json\/wp\/v2\/tags?post=114061"}],"curies":[{"name":"wp","href":"https:\/\/api.w.org\/{rel}","templated":true}]}}