{"id":114073,"date":"2019-09-04T13:59:03","date_gmt":"2019-09-04T16:59:03","guid":{"rendered":"http:\/\/www.caririemacao.com\/1\/?p=114073"},"modified":"2019-09-04T13:59:03","modified_gmt":"2019-09-04T16:59:03","slug":"ricardo-participa-de-evento-em-brasilia-ao-lado-de-dilma-e-haddad","status":"publish","type":"post","link":"https:\/\/www.caririemacao.com\/1\/2019\/09\/04\/ricardo-participa-de-evento-em-brasilia-ao-lado-de-dilma-e-haddad\/","title":{"rendered":"Ricardo participa de evento em Bras\u00edlia ao lado de Dilma e Haddad"},"content":{"rendered":"\n<p>&nbsp;ex-governador da Para\u00edba e atual presidente da Funda\u00e7\u00e3o Jo\u00e3o Mangabeira (FJM), Ricardo Coutinho, participa&nbsp;nesta quarta-feira (4), de Semin\u00e1rio em Defesa da Soberania Nacional, do emprego e contra as privatiza\u00e7\u00f5es em curso, em Bras\u00edlia. O evento aconteceu na C\u00e2mara Federal e contou com a presen\u00e7a da ex-presidente Dilma Rousseff e os ex-candidatos \u00e0 Presid\u00eancia Fernando Haddad e Guilherme Boulos.<\/p>\n\n\n\n<figure class=\"wp-block-image\"><img decoding=\"async\" data-src=\"https:\/\/www.clickpb.com.br\/media\/filer_public\/29\/2b\/292bb30d-21fe-4b93-826b-2fec65f42de9\/whatsapp_image_2019-09-04_at_120730.jpeg\" alt=\"\" src=\"data:image\/svg+xml;base64,PHN2ZyB3aWR0aD0iMSIgaGVpZ2h0PSIxIiB4bWxucz0iaHR0cDovL3d3dy53My5vcmcvMjAwMC9zdmciPjwvc3ZnPg==\" class=\"lazyload\" \/><\/figure>\n\n\n\n<p>Na ocasi\u00e3o, ser\u00e1 lan\u00e7ada a Frente Parlamentar em Defesa da Soberania Nacional.&nbsp;<\/p>\n\n\n\n<p>&#8220;Talvez seja a principal a\u00e7\u00e3o que a oposi\u00e7\u00e3o brasileira tenha feito ao longo deste quase nove meses do ano de 2019. \u00c9 muito importante que a gente perceba que a luta pela soberania \u00e9 a luta m\u00e3e de todas as outras. N\u00e3o podemos compreender uma na\u00e7\u00e3o sem soberania. Na\u00e7\u00e3o sem soberania \u00e9 um punhado de gente, \u00e9 apenas uma popula\u00e7\u00e3o sem determina\u00e7\u00e3o e sem interesses pr\u00f3prios&#8221;, afirmou no evento.<\/p>\n\n\n\n<p>Durante o \u2018SOS Transposi\u00e7\u00e3o\u2019, realizado nesse domingo (1) em Monteiro, Ricardo chamou a aten\u00e7\u00e3o da estrat\u00e9gia do governo Bolsonaro em \u2018demonizar\u2019 a Transposi\u00e7\u00e3o visando a privatiza\u00e7\u00e3o da obra \u2013 alegando que a obra seria cara demais e a desvalorizando.<\/p>\n\n\n\n<p>\u201cO discurso do Governo \u00e9: R$ 300 milh\u00f5es para operar os dois eixos \u00e9 uma coisa muito cara. Voc\u00ea olha a vota\u00e7\u00e3o da reforma da Previd\u00eancia, colocaram perd\u00e3o fiscal de R$ 84 bilh\u00f5es para o agroneg\u00f3cio. Essa onda privatista \u00e9 uma estrat\u00e9gia que o Governo tem, geralmente os privatistas t\u00eam, de reduzir o valor daquilo que eles querem vender. Quando a empresa \u00e9 caracterizada de baixo custo, deficit\u00e1ria, como problema, para que depois seja repassada a pre\u00e7o de banana para o investidor privado\u201d, disse o ex-governador em entrevista \u00e0 imprensa paraibana.<\/p>\n\n\n\n<figure><iframe data-src=\"https:\/\/www.youtube.com\/embed\/dCSQZjSNG0E\" allowfullscreen=\"\" src=\"data:image\/svg+xml;base64,PHN2ZyB3aWR0aD0iMSIgaGVpZ2h0PSIxIiB4bWxucz0iaHR0cDovL3d3dy53My5vcmcvMjAwMC9zdmciPjwvc3ZnPg==\" class=\"lazyload\" data-load-mode=\"1\"><\/iframe><\/figure>\n\n\n\n<p><strong>Lideran\u00e7as<\/strong><\/p>\n\n\n\n<p>Participam do evento diversos pol\u00edticos e representantes de segmentos sociais, o ex-chanceler Celso Amorim, o ex-senador Roberto Requi\u00e3o,&nbsp;al\u00e9m de Jo\u00e3o Pedro Stedile, da dire\u00e7\u00e3o nacional do MST e da Frente Brasil Popular; Makota Celinha, do Centro Nacional de Africanidade e Resist\u00eancia Afro-Brasileira; e Anita Wright, do Conselho Nacional de Igrejas Crist\u00e3s do Brasil, entre outros. Lideran\u00e7as de distintos partidos pol\u00edticos tamb\u00e9m estar\u00e3o presentes.<\/p>\n","protected":false},"excerpt":{"rendered":"<p>&nbsp;ex-governador da Para\u00edba e atual presidente da Funda\u00e7\u00e3o Jo\u00e3o Mangabeira (FJM), Ricardo Coutinho, participa&nbsp;nesta quarta-feira (4), de Semin\u00e1rio em Defesa da Soberania Nacional, do emprego&hellip; <\/p>\n","protected":false},"author":1,"featured_media":114075,"comment_status":"closed","ping_status":"closed","sticky":false,"template":"","format":"standard","meta":{"sfsi_plus_gutenberg_text_before_share":"","sfsi_plus_gutenberg_show_text_before_share":"","sfsi_plus_gutenberg_icon_type":"","sfsi_plus_gutenberg_icon_alignemt":"","sfsi_plus_gutenburg_max_per_row":"","footnotes":""},"categories":[11],"tags":[],"class_list":["post-114073","post","type-post","status-publish","format-standard","has-post-thumbnail","hentry","category-politica"],"_links":{"self":[{"href":"https:\/\/www.caririemacao.com\/1\/wp-json\/wp\/v2\/posts\/114073","targetHints":{"allow":["GET"]}}],"collection":[{"href":"https:\/\/www.caririemacao.com\/1\/wp-json\/wp\/v2\/posts"}],"about":[{"href":"https:\/\/www.caririemacao.com\/1\/wp-json\/wp\/v2\/types\/post"}],"author":[{"embeddable":true,"href":"https:\/\/www.caririemacao.com\/1\/wp-json\/wp\/v2\/users\/1"}],"replies":[{"embeddable":true,"href":"https:\/\/www.caririemacao.com\/1\/wp-json\/wp\/v2\/comments?post=114073"}],"version-history":[{"count":1,"href":"https:\/\/www.caririemacao.com\/1\/wp-json\/wp\/v2\/posts\/114073\/revisions"}],"predecessor-version":[{"id":114076,"href":"https:\/\/www.caririemacao.com\/1\/wp-json\/wp\/v2\/posts\/114073\/revisions\/114076"}],"wp:featuredmedia":[{"embeddable":true,"href":"https:\/\/www.caririemacao.com\/1\/wp-json\/wp\/v2\/media\/114075"}],"wp:attachment":[{"href":"https:\/\/www.caririemacao.com\/1\/wp-json\/wp\/v2\/media?parent=114073"}],"wp:term":[{"taxonomy":"category","embeddable":true,"href":"https:\/\/www.caririemacao.com\/1\/wp-json\/wp\/v2\/categories?post=114073"},{"taxonomy":"post_tag","embeddable":true,"href":"https:\/\/www.caririemacao.com\/1\/wp-json\/wp\/v2\/tags?post=114073"}],"curies":[{"name":"wp","href":"https:\/\/api.w.org\/{rel}","templated":true}]}}