{"id":114118,"date":"2019-09-04T15:14:34","date_gmt":"2019-09-04T18:14:34","guid":{"rendered":"http:\/\/www.caririemacao.com\/1\/?p=114118"},"modified":"2019-09-04T15:14:34","modified_gmt":"2019-09-04T18:14:34","slug":"prefeitos-se-reunem-com-representantes-do-governo-do-estado-para-tratar-sobre-reforma-da-cadeia-de-sume","status":"publish","type":"post","link":"https:\/\/www.caririemacao.com\/1\/2019\/09\/04\/prefeitos-se-reunem-com-representantes-do-governo-do-estado-para-tratar-sobre-reforma-da-cadeia-de-sume\/","title":{"rendered":"Prefeitos se re\u00fanem com representantes do Governo do Estado para tratar sobre reforma da cadeia de Sum\u00e9"},"content":{"rendered":"\n<p>O prefeito do munic\u00edpio de Sum\u00e9, \u00c9den Duarte esteve reunido com o secret\u00e1rio executivo da Administra\u00e7\u00e3o Penitenci\u00e1ria, Jo\u00e3o Paulo Ferreira Barros, para discutir sobre a situa\u00e7\u00e3o da cadeia p\u00fablica de Sum\u00e9.<\/p>\n\n\n\n<p>O prefeito do Amparo, In\u00e1cio N\u00f3brega e a secret\u00e1ria de Administra\u00e7\u00e3o do Congo, Luciana de Farias Silva, que esteve representando o prefeito J\u00fanior Quirino, tamb\u00e9m participaram, assim como o diretor da cadeia, Valcir e o vereador sumeense, Bon\u00edlson Tim\u00f3teo.<\/p>\n\n\n\n<p>A reuni\u00e3o foi convocada pelo prefeito \u00c9den, que desde 2017 vinha comunicando ao Poder Judici\u00e1rio a real situa\u00e7\u00e3o da cadeia. No encontro, as autoridades discutiram sobre a falta de estrutura f\u00edsica que se encontra o pr\u00e9dio, o que possibilitou recentemente a fuga de quatro presos.<\/p>\n\n\n\n<p>Na ocasi\u00e3o ficou acordado a celebra\u00e7\u00e3o de um termo de coopera\u00e7\u00e3o entre os tr\u00eas munic\u00edpios, e o Governo do Estado da Para\u00edba, j\u00e1 que Congo e Amparo pertencem \u00e0 circunscri\u00e7\u00e3o de Sum\u00e9. Um projeto de reforma ser\u00e1 elaborado pelo Governo do Estado para melhoria das instala\u00e7\u00f5es e os tr\u00eas munic\u00edpios se dispuseram a dar uma contrapartida para colaborar.<\/p>\n\n\n\n<p>O secret\u00e1rio de administra\u00e7\u00e3o penitenci\u00e1ria, Jo\u00e3o Paulo Ferreira, reconheceu a necessidade urgente de reforma e ouviu atentamente as reivindica\u00e7\u00f5es dos prefeitos.<\/p>\n\n\n\n<p><em>Com Ascom PMS<\/em><\/p>\n","protected":false},"excerpt":{"rendered":"<p>O prefeito do munic\u00edpio de Sum\u00e9, \u00c9den Duarte esteve reunido com o secret\u00e1rio executivo da Administra\u00e7\u00e3o Penitenci\u00e1ria, Jo\u00e3o Paulo Ferreira Barros, para discutir sobre a&hellip; <\/p>\n","protected":false},"author":1,"featured_media":114120,"comment_status":"closed","ping_status":"closed","sticky":false,"template":"","format":"standard","meta":{"sfsi_plus_gutenberg_text_before_share":"","sfsi_plus_gutenberg_show_text_before_share":"","sfsi_plus_gutenberg_icon_type":"","sfsi_plus_gutenberg_icon_alignemt":"","sfsi_plus_gutenburg_max_per_row":"","footnotes":""},"categories":[6,50],"tags":[],"class_list":["post-114118","post","type-post","status-publish","format-standard","has-post-thumbnail","hentry","category-cidades","category-destaque"],"_links":{"self":[{"href":"https:\/\/www.caririemacao.com\/1\/wp-json\/wp\/v2\/posts\/114118","targetHints":{"allow":["GET"]}}],"collection":[{"href":"https:\/\/www.caririemacao.com\/1\/wp-json\/wp\/v2\/posts"}],"about":[{"href":"https:\/\/www.caririemacao.com\/1\/wp-json\/wp\/v2\/types\/post"}],"author":[{"embeddable":true,"href":"https:\/\/www.caririemacao.com\/1\/wp-json\/wp\/v2\/users\/1"}],"replies":[{"embeddable":true,"href":"https:\/\/www.caririemacao.com\/1\/wp-json\/wp\/v2\/comments?post=114118"}],"version-history":[{"count":1,"href":"https:\/\/www.caririemacao.com\/1\/wp-json\/wp\/v2\/posts\/114118\/revisions"}],"predecessor-version":[{"id":114121,"href":"https:\/\/www.caririemacao.com\/1\/wp-json\/wp\/v2\/posts\/114118\/revisions\/114121"}],"wp:featuredmedia":[{"embeddable":true,"href":"https:\/\/www.caririemacao.com\/1\/wp-json\/wp\/v2\/media\/114120"}],"wp:attachment":[{"href":"https:\/\/www.caririemacao.com\/1\/wp-json\/wp\/v2\/media?parent=114118"}],"wp:term":[{"taxonomy":"category","embeddable":true,"href":"https:\/\/www.caririemacao.com\/1\/wp-json\/wp\/v2\/categories?post=114118"},{"taxonomy":"post_tag","embeddable":true,"href":"https:\/\/www.caririemacao.com\/1\/wp-json\/wp\/v2\/tags?post=114118"}],"curies":[{"name":"wp","href":"https:\/\/api.w.org\/{rel}","templated":true}]}}