{"id":114126,"date":"2019-09-04T15:17:22","date_gmt":"2019-09-04T18:17:22","guid":{"rendered":"http:\/\/www.caririemacao.com\/1\/?p=114126"},"modified":"2019-09-04T15:17:22","modified_gmt":"2019-09-04T18:17:22","slug":"inusitado-prefeito-do-rn-anuncia-falencia-do-municipio-e-fecha-prefeitura","status":"publish","type":"post","link":"https:\/\/www.caririemacao.com\/1\/2019\/09\/04\/inusitado-prefeito-do-rn-anuncia-falencia-do-municipio-e-fecha-prefeitura\/","title":{"rendered":"Inusitado: prefeito do RN anuncia \u201cfal\u00eancia\u201d do munic\u00edpio e fecha prefeitura"},"content":{"rendered":"\n<p>Um caso inusitado no campo pol\u00edtico aconteceu no munic\u00edpio de Bento Fernandes, no estado vizinho do Rio Grande do Norte, quando o prefeito, Paulo Marques de Oliveira J\u00fanior (MDB), anunciou na \u00faltima quinta-feira (29) a fal\u00eancia do munic\u00edpio que administra. E diz n\u00e3o ter como pagar os sal\u00e1rios de agosto. Segundo ele, a dificuldade financeira teria sido causada por uma d\u00edvida de R$ 4 milh\u00f5es.J\u00fanior Marques, como \u00e9 conhecido, fez na tarde desta quinta-feira um pronunciamento em pra\u00e7a p\u00fablica para explicar o caso \u00e0 popula\u00e7\u00e3o. nesta sexta-feira, diante da situa\u00e7\u00e3o, secret\u00e1rios ser\u00e3o exonerados e a prefeitura amanhecer\u00e1 fechada.<\/p>\n\n\n\n<p>Segundo informa\u00e7\u00f5es obtidas com a Prefeitura, a situa\u00e7\u00e3o s\u00f3 se resolver\u00e1 rapidamente caso o Superior Tribunal de Justi\u00e7a conceda uma liminar suspendendo bloqueio de R$ 73 mil mensais referente \u00e0 d\u00edvida. O caso aguarda julgamento desde o dia 18 de julho.<\/p>\n\n\n\n<p><em>Com PB Agora<\/em><\/p>\n","protected":false},"excerpt":{"rendered":"<p>Um caso inusitado no campo pol\u00edtico aconteceu no munic\u00edpio de Bento Fernandes, no estado vizinho do Rio Grande do Norte, quando o prefeito, Paulo Marques&hellip; <\/p>\n","protected":false},"author":1,"featured_media":114128,"comment_status":"closed","ping_status":"closed","sticky":false,"template":"","format":"standard","meta":{"sfsi_plus_gutenberg_text_before_share":"","sfsi_plus_gutenberg_show_text_before_share":"","sfsi_plus_gutenberg_icon_type":"","sfsi_plus_gutenberg_icon_alignemt":"","sfsi_plus_gutenburg_max_per_row":"","footnotes":""},"categories":[6,50],"tags":[],"class_list":["post-114126","post","type-post","status-publish","format-standard","has-post-thumbnail","hentry","category-cidades","category-destaque"],"_links":{"self":[{"href":"https:\/\/www.caririemacao.com\/1\/wp-json\/wp\/v2\/posts\/114126","targetHints":{"allow":["GET"]}}],"collection":[{"href":"https:\/\/www.caririemacao.com\/1\/wp-json\/wp\/v2\/posts"}],"about":[{"href":"https:\/\/www.caririemacao.com\/1\/wp-json\/wp\/v2\/types\/post"}],"author":[{"embeddable":true,"href":"https:\/\/www.caririemacao.com\/1\/wp-json\/wp\/v2\/users\/1"}],"replies":[{"embeddable":true,"href":"https:\/\/www.caririemacao.com\/1\/wp-json\/wp\/v2\/comments?post=114126"}],"version-history":[{"count":1,"href":"https:\/\/www.caririemacao.com\/1\/wp-json\/wp\/v2\/posts\/114126\/revisions"}],"predecessor-version":[{"id":114129,"href":"https:\/\/www.caririemacao.com\/1\/wp-json\/wp\/v2\/posts\/114126\/revisions\/114129"}],"wp:featuredmedia":[{"embeddable":true,"href":"https:\/\/www.caririemacao.com\/1\/wp-json\/wp\/v2\/media\/114128"}],"wp:attachment":[{"href":"https:\/\/www.caririemacao.com\/1\/wp-json\/wp\/v2\/media?parent=114126"}],"wp:term":[{"taxonomy":"category","embeddable":true,"href":"https:\/\/www.caririemacao.com\/1\/wp-json\/wp\/v2\/categories?post=114126"},{"taxonomy":"post_tag","embeddable":true,"href":"https:\/\/www.caririemacao.com\/1\/wp-json\/wp\/v2\/tags?post=114126"}],"curies":[{"name":"wp","href":"https:\/\/api.w.org\/{rel}","templated":true}]}}