{"id":114134,"date":"2019-09-04T15:20:48","date_gmt":"2019-09-04T18:20:48","guid":{"rendered":"http:\/\/www.caririemacao.com\/1\/?p=114134"},"modified":"2019-09-04T15:20:48","modified_gmt":"2019-09-04T18:20:48","slug":"comemoracao-marca-a-entrega-de-premiacao-da-copa-dr-chico-de-futsal-em-monteiro","status":"publish","type":"post","link":"https:\/\/www.caririemacao.com\/1\/2019\/09\/04\/comemoracao-marca-a-entrega-de-premiacao-da-copa-dr-chico-de-futsal-em-monteiro\/","title":{"rendered":"Comemora\u00e7\u00e3o marca a entrega de premia\u00e7\u00e3o da Copa Dr. Chico de Futsal em Monteiro"},"content":{"rendered":"\n<div class=\"wp-block-image\"><figure class=\"alignleft\"><img decoding=\"async\" data-src=\"https:\/\/i1.wp.com\/www.vitrinedocariri.com.br\/wp-content\/uploads\/2019\/09\/Secretaria-de-Esportes-realiza-comemora%C3%A7%C3%A3o-para-entrega-de-premia%C3%A7%C3%A3o-da-Copa-Dr.-Chico-de-Futsal-5.jpeg?zoom=2&amp;resize=330%2C220&amp;ssl=1\" alt=\"\" class=\"wp-image-52291 lazyload\" src=\"data:image\/svg+xml;base64,PHN2ZyB3aWR0aD0iMSIgaGVpZ2h0PSIxIiB4bWxucz0iaHR0cDovL3d3dy53My5vcmcvMjAwMC9zdmciPjwvc3ZnPg==\" \/><\/figure><\/div>\n\n\n\n<p>Os times que participaram da Copa Dr. Chico de Futsal iniciaram as partidas em 28 de maio, com paix\u00e3o e competitividade levando alegria e muitos expectadores ao Chic\u00e3o at\u00e9 a \u00faltima sexta-feira, 30, onde foram conhecidos os quatro melhores times.Cada rodada e cada resultado foi bastante suado e na noite desta segunda-feira, 02, as premia\u00e7\u00f5es foram entregues com a participa\u00e7\u00e3o de in\u00fameros atletas com uma comemora\u00e7\u00e3o bem intensa.\u201cA 1\u00aa Copa Dr. Chico de Futsal Masculino Adulto trouxe nove equipes tendo como objetivo a promo\u00e7\u00e3o e incentivo \u00e0 modalidade esportiva, al\u00e9m da integra\u00e7\u00e3o e possibilitar momentos de conv\u00edvio e bom relacionamento entre a comunidade monteirense, e hoje coroamos aqueles que lutaram para conquistar suas medalhas , trof\u00e9us e premia\u00e7\u00e3o em dinheiro\u201d, disse o secret\u00e1rio Rostand Chaves durante o evento que aconteceu no Teatro Jansen Filho.Em resumo o prefeito em exerc\u00edcio, Celecileno Alves, representado no momento pelo presidente da C\u00e2mara Municipal, Ricardo Jorge, disse em mensagem que proporcionar este momento atrav\u00e9s da administra\u00e7\u00e3o municipal, \u00e9 reafirmar o apoio a todas as modalidades de esportes.<\/p>\n\n\n\n<div class=\"wp-block-image\"><figure class=\"alignleft\"><img decoding=\"async\" data-src=\"https:\/\/i1.wp.com\/www.vitrinedocariri.com.br\/wp-content\/uploads\/2019\/09\/Secretaria-de-Esportes-realiza-comemora%C3%A7%C3%A3o-para-entrega-de-premia%C3%A7%C3%A3o-da-Copa-Dr.-Chico-de-Futsal-3.jpeg?zoom=2&amp;resize=330%2C220&amp;ssl=1\" alt=\"\" class=\"wp-image-52290 lazyload\" src=\"data:image\/svg+xml;base64,PHN2ZyB3aWR0aD0iMSIgaGVpZ2h0PSIxIiB4bWxucz0iaHR0cDovL3d3dy53My5vcmcvMjAwMC9zdmciPjwvc3ZnPg==\" \/><\/figure><\/div>\n\n\n\n<p>\u201cConvidamos todos os monteirenses para participar, do evento, e fomos atendidos. Torcedores lotaram as arquibancadas do Chic\u00e3o durante os jogos para prestigiar seus times favoritos. Aqui tamb\u00e9m j\u00e1 agradecemos a todos os atletas que se disponibilizaram a realizar este primeiro grande evento, aos dirigentes dos times e a prefeita Anna Lorena, que junto com Celecileno e sua equipe de governo busca sempre incentivar, independente de qual secretaria, nossas a\u00e7\u00f5es. Agradecemos tamb\u00e9m nossos patrocinadores: Armaz\u00e9m Para\u00edba, Casa das Pe\u00e7as, C\u00e2mara de Vereadores, Emp\u00f3rio Conveni\u00eancia, \u00d3tica Vis\u00e3o, O Paraibano e Sin\u00e9sio\u2019s Loca\u00e7\u00f5es que tamb\u00e9m estiveram conosco neste Campeonato\u201d, agradeceu o secret\u00e1rio da pasta, Rostand Chaves.Premia\u00e7\u00f5es<br><strong>1\u00ba lugar: Porto<\/strong><br>1 TV + R$350,00<br><strong>2\u00ba lugar: Fut Bets<\/strong><br>R$500,00<br><strong>3\u00ba lugar: Net mais<\/strong><br>R$300,00<br><strong>4\u00ba lugar: Boca Juniors<\/strong><br>R$200,00<\/p>\n","protected":false},"excerpt":{"rendered":"<p>Os times que participaram da Copa Dr. Chico de Futsal iniciaram as partidas em 28 de maio, com paix\u00e3o e competitividade levando alegria e muitos&hellip; <\/p>\n","protected":false},"author":1,"featured_media":114136,"comment_status":"closed","ping_status":"closed","sticky":false,"template":"","format":"standard","meta":{"sfsi_plus_gutenberg_text_before_share":"","sfsi_plus_gutenberg_show_text_before_share":"","sfsi_plus_gutenberg_icon_type":"","sfsi_plus_gutenberg_icon_alignemt":"","sfsi_plus_gutenburg_max_per_row":"","footnotes":""},"categories":[13],"tags":[],"class_list":["post-114134","post","type-post","status-publish","format-standard","has-post-thumbnail","hentry","category-esportes"],"_links":{"self":[{"href":"https:\/\/www.caririemacao.com\/1\/wp-json\/wp\/v2\/posts\/114134","targetHints":{"allow":["GET"]}}],"collection":[{"href":"https:\/\/www.caririemacao.com\/1\/wp-json\/wp\/v2\/posts"}],"about":[{"href":"https:\/\/www.caririemacao.com\/1\/wp-json\/wp\/v2\/types\/post"}],"author":[{"embeddable":true,"href":"https:\/\/www.caririemacao.com\/1\/wp-json\/wp\/v2\/users\/1"}],"replies":[{"embeddable":true,"href":"https:\/\/www.caririemacao.com\/1\/wp-json\/wp\/v2\/comments?post=114134"}],"version-history":[{"count":1,"href":"https:\/\/www.caririemacao.com\/1\/wp-json\/wp\/v2\/posts\/114134\/revisions"}],"predecessor-version":[{"id":114137,"href":"https:\/\/www.caririemacao.com\/1\/wp-json\/wp\/v2\/posts\/114134\/revisions\/114137"}],"wp:featuredmedia":[{"embeddable":true,"href":"https:\/\/www.caririemacao.com\/1\/wp-json\/wp\/v2\/media\/114136"}],"wp:attachment":[{"href":"https:\/\/www.caririemacao.com\/1\/wp-json\/wp\/v2\/media?parent=114134"}],"wp:term":[{"taxonomy":"category","embeddable":true,"href":"https:\/\/www.caririemacao.com\/1\/wp-json\/wp\/v2\/categories?post=114134"},{"taxonomy":"post_tag","embeddable":true,"href":"https:\/\/www.caririemacao.com\/1\/wp-json\/wp\/v2\/tags?post=114134"}],"curies":[{"name":"wp","href":"https:\/\/api.w.org\/{rel}","templated":true}]}}