{"id":114142,"date":"2019-09-04T15:22:40","date_gmt":"2019-09-04T18:22:40","guid":{"rendered":"http:\/\/www.caririemacao.com\/1\/?p=114142"},"modified":"2019-09-04T15:22:40","modified_gmt":"2019-09-04T18:22:40","slug":"escola-jornalista-jose-leal-de-sao-joao-do-cariri-se-destaca-no-projeto-escola-cidada-integral","status":"publish","type":"post","link":"https:\/\/www.caririemacao.com\/1\/2019\/09\/04\/escola-jornalista-jose-leal-de-sao-joao-do-cariri-se-destaca-no-projeto-escola-cidada-integral\/","title":{"rendered":"Escola Jornalista Jos\u00e9 Leal de S\u00e3o Jo\u00e3o do Cariri se destaca no projeto escola Cidad\u00e3 Integral"},"content":{"rendered":"\n<p>Com pouco mais de um semestre, a Escola \u201cJornalista Jos\u00e9 Leal\u201d tem se destacado pelas prematuras conquistas dentro do modelo de escola cidad\u00e3 integral. O aluno Jeferson de Souza Daniel, sob a orienta\u00e7\u00e3o da professora Maria do Socorro Cordeiro Ramos, foi selecionado para representar a escola na 2\u00aa etapa da Edi\u00e7\u00e3o do Arte em Cena na categoria Artes Visuais, a qual acontece na cidade de Jo\u00e3o Pessoa-PB. Outra grande conquista da escola foi a classifica\u00e7\u00e3o dos alunos Cec\u00edlia Ara\u00fajo, \u00cdvia Maria Alves, Maria Aline de Sousa, Maria Eduarda Matos Cantalice e Rickelme de Almeida Silva na Olimp\u00edada Nacional de Ci\u00eancias.<\/p>\n\n\n\n<p>Um outro grande feito da escola foi a escolha da reda\u00e7\u00e3o da aluna Clarice Meira de Moraes, com o t\u00edtulo \u201cOuro desperdi\u00e7ado\u201d para representar a 5\u00aa regional de ensino na etapa estadual do Concurso de Reda\u00e7\u00e3o da FAPESQ, o qual trouxe o tema: Bioeconomia: Diversidade e Riqueza para o Desenvolvimento Sustent\u00e1vel. A produ\u00e7\u00e3o da aluna ficou sob a supervis\u00e3o do professor Suet\u00f4nio de Farias Matias.<\/p>\n\n\n\n<p>\u201cApesar das grandes dificuldades enfrentadas no 1\u00ba ano dentro do Modelo de Escola Cidad\u00e3 Integral pela comunidade escolar, as conquistas apresentadas corroboram que o trabalho para uma educa\u00e7\u00e3o p\u00fablica de qualidade est\u00e1 sendo feito com compromisso e extrema dedica\u00e7\u00e3o\u201d, afirmou Roberta Ara\u00fajo Brand\u00e3o, gestora da escola.<\/p>\n\n\n\n<p>De acordo com a Coordenadora Pedag\u00f3gica da Institui\u00e7\u00e3o, Theogna Ramos, o segredo para estas conquistas est\u00e1 no ideal de fazer o aluno um verdadeiro protagonista do processo educativo. J\u00e1 a Coordenadora Administrativa Financeira, Katiane Lucena, assegurou que todos os agentes do educand\u00e1rio est\u00e3o focados no alcance de todas as metas estabelecidas no Projeto de Interven\u00e7\u00e3o Pedag\u00f3gica escola.<\/p>\n","protected":false},"excerpt":{"rendered":"<p>Com pouco mais de um semestre, a Escola \u201cJornalista Jos\u00e9 Leal\u201d tem se destacado pelas prematuras conquistas dentro do modelo de escola cidad\u00e3 integral. O&hellip; <\/p>\n","protected":false},"author":1,"featured_media":114144,"comment_status":"closed","ping_status":"closed","sticky":false,"template":"","format":"standard","meta":{"sfsi_plus_gutenberg_text_before_share":"","sfsi_plus_gutenberg_show_text_before_share":"","sfsi_plus_gutenberg_icon_type":"","sfsi_plus_gutenberg_icon_alignemt":"","sfsi_plus_gutenburg_max_per_row":"","footnotes":""},"categories":[14],"tags":[],"class_list":["post-114142","post","type-post","status-publish","format-standard","has-post-thumbnail","hentry","category-educacao"],"_links":{"self":[{"href":"https:\/\/www.caririemacao.com\/1\/wp-json\/wp\/v2\/posts\/114142","targetHints":{"allow":["GET"]}}],"collection":[{"href":"https:\/\/www.caririemacao.com\/1\/wp-json\/wp\/v2\/posts"}],"about":[{"href":"https:\/\/www.caririemacao.com\/1\/wp-json\/wp\/v2\/types\/post"}],"author":[{"embeddable":true,"href":"https:\/\/www.caririemacao.com\/1\/wp-json\/wp\/v2\/users\/1"}],"replies":[{"embeddable":true,"href":"https:\/\/www.caririemacao.com\/1\/wp-json\/wp\/v2\/comments?post=114142"}],"version-history":[{"count":1,"href":"https:\/\/www.caririemacao.com\/1\/wp-json\/wp\/v2\/posts\/114142\/revisions"}],"predecessor-version":[{"id":114145,"href":"https:\/\/www.caririemacao.com\/1\/wp-json\/wp\/v2\/posts\/114142\/revisions\/114145"}],"wp:featuredmedia":[{"embeddable":true,"href":"https:\/\/www.caririemacao.com\/1\/wp-json\/wp\/v2\/media\/114144"}],"wp:attachment":[{"href":"https:\/\/www.caririemacao.com\/1\/wp-json\/wp\/v2\/media?parent=114142"}],"wp:term":[{"taxonomy":"category","embeddable":true,"href":"https:\/\/www.caririemacao.com\/1\/wp-json\/wp\/v2\/categories?post=114142"},{"taxonomy":"post_tag","embeddable":true,"href":"https:\/\/www.caririemacao.com\/1\/wp-json\/wp\/v2\/tags?post=114142"}],"curies":[{"name":"wp","href":"https:\/\/api.w.org\/{rel}","templated":true}]}}