{"id":114152,"date":"2019-09-04T17:43:51","date_gmt":"2019-09-04T20:43:51","guid":{"rendered":"http:\/\/www.caririemacao.com\/1\/?p=114152"},"modified":"2019-09-04T17:43:51","modified_gmt":"2019-09-04T20:43:51","slug":"em-visita-ao-ponto-de-abastecimento-do-programa-agua-doce-o-prefeito-inacio-nobrega-participou-da-doacao-de-baldes","status":"publish","type":"post","link":"https:\/\/www.caririemacao.com\/1\/2019\/09\/04\/em-visita-ao-ponto-de-abastecimento-do-programa-agua-doce-o-prefeito-inacio-nobrega-participou-da-doacao-de-baldes\/","title":{"rendered":"Em visita ao Ponto de Abastecimento do Programa \u00c1gua Doce, o prefeito In\u00e1cio N\u00f3brega participou da Doa\u00e7\u00e3o de Baldes"},"content":{"rendered":"\n<p><a href=\"https:\/\/1.bp.blogspot.com\/-0e9xFpXNmZ0\/XXAXU_vJ86I\/AAAAAAABC4I\/HUmBeW3-ZRkQNikwP8UMi9J6Xwdoxnm4wCLcBGAs\/s1600\/WhatsApp%2BImage%2B2019-09-04%2Bat%2B11.30.19%2BAM.jpeg\"><\/a>O Prefeito In\u00e1cio N\u00f3brega esteve junto com a Secret\u00e1ria de Sa\u00fade Ver\u00f4nica Rafael fazendo uma visita ao ponto de abastecimento do Programa \u00c1gua Doce.<br>O prefeito tamb\u00e9m participou da doa\u00e7\u00e3o de novos baldes para aquelas pessoas que ainda n\u00e3o possuem o tipo de balde certo para fazer a coleta. Esses baldes foram doados pelo programa \u00c1gua Doce.<br><a href=\"https:\/\/1.bp.blogspot.com\/-YvCCnSTw5C4\/XXAYuR9ZMaI\/AAAAAAABC4Q\/8xIwh8ERqowNjEBh0VyR_rdQKtd5TjIHwCLcBGAs\/s1600\/WhatsApp%2BImage%2B2019-09-04%2Bat%2B11.30.17%2BAM.jpeg\"><\/a><br>Todas as pessoas que chegam para a coleta com outro recipiente que n\u00e3o seja o balde de 20 litros, est\u00e3o recebendo um novo balde. Todo dia de coleta, um fiscal da Vigil\u00e2ncia Sanit\u00e1ria est\u00e1 no ponto fazendo a entrega desse material.<\/p>\n\n\n\n<p><\/p>\n","protected":false},"excerpt":{"rendered":"<p>O Prefeito In\u00e1cio N\u00f3brega esteve junto com a Secret\u00e1ria de Sa\u00fade Ver\u00f4nica Rafael fazendo uma visita ao ponto de abastecimento do Programa \u00c1gua Doce.O prefeito&hellip; <\/p>\n","protected":false},"author":1,"featured_media":114154,"comment_status":"closed","ping_status":"closed","sticky":false,"template":"","format":"standard","meta":{"sfsi_plus_gutenberg_text_before_share":"","sfsi_plus_gutenberg_show_text_before_share":"","sfsi_plus_gutenberg_icon_type":"","sfsi_plus_gutenberg_icon_alignemt":"","sfsi_plus_gutenburg_max_per_row":"","footnotes":""},"categories":[6],"tags":[],"class_list":["post-114152","post","type-post","status-publish","format-standard","has-post-thumbnail","hentry","category-cidades"],"_links":{"self":[{"href":"https:\/\/www.caririemacao.com\/1\/wp-json\/wp\/v2\/posts\/114152","targetHints":{"allow":["GET"]}}],"collection":[{"href":"https:\/\/www.caririemacao.com\/1\/wp-json\/wp\/v2\/posts"}],"about":[{"href":"https:\/\/www.caririemacao.com\/1\/wp-json\/wp\/v2\/types\/post"}],"author":[{"embeddable":true,"href":"https:\/\/www.caririemacao.com\/1\/wp-json\/wp\/v2\/users\/1"}],"replies":[{"embeddable":true,"href":"https:\/\/www.caririemacao.com\/1\/wp-json\/wp\/v2\/comments?post=114152"}],"version-history":[{"count":1,"href":"https:\/\/www.caririemacao.com\/1\/wp-json\/wp\/v2\/posts\/114152\/revisions"}],"predecessor-version":[{"id":114155,"href":"https:\/\/www.caririemacao.com\/1\/wp-json\/wp\/v2\/posts\/114152\/revisions\/114155"}],"wp:featuredmedia":[{"embeddable":true,"href":"https:\/\/www.caririemacao.com\/1\/wp-json\/wp\/v2\/media\/114154"}],"wp:attachment":[{"href":"https:\/\/www.caririemacao.com\/1\/wp-json\/wp\/v2\/media?parent=114152"}],"wp:term":[{"taxonomy":"category","embeddable":true,"href":"https:\/\/www.caririemacao.com\/1\/wp-json\/wp\/v2\/categories?post=114152"},{"taxonomy":"post_tag","embeddable":true,"href":"https:\/\/www.caririemacao.com\/1\/wp-json\/wp\/v2\/tags?post=114152"}],"curies":[{"name":"wp","href":"https:\/\/api.w.org\/{rel}","templated":true}]}}