{"id":114162,"date":"2019-09-05T06:34:31","date_gmt":"2019-09-05T09:34:31","guid":{"rendered":"http:\/\/www.caririemacao.com\/1\/?p=114162"},"modified":"2019-09-05T06:36:13","modified_gmt":"2019-09-05T09:36:13","slug":"prefeitura-de-zabele-auxilia-agricultores-na-debulha-mecanica-do-milho","status":"publish","type":"post","link":"https:\/\/www.caririemacao.com\/1\/2019\/09\/05\/prefeitura-de-zabele-auxilia-agricultores-na-debulha-mecanica-do-milho\/","title":{"rendered":"Prefeitura de Zabel\u00ea auxilia agricultores na debulha mec\u00e2nica do milho"},"content":{"rendered":"\n<figure class=\"wp-block-image\"><img fetchpriority=\"high\" decoding=\"async\" width=\"720\" height=\"540\" src=\"http:\/\/www.caririemacao.com\/1\/wp-content\/uploads\/2019\/09\/FB_IMG_1567675560928.jpg\" alt=\"\" class=\"wp-image-114166\" srcset=\"https:\/\/www.caririemacao.com\/1\/wp-content\/uploads\/2019\/09\/FB_IMG_1567675560928.jpg 720w, https:\/\/www.caririemacao.com\/1\/wp-content\/uploads\/2019\/09\/FB_IMG_1567675560928-300x225.jpg 300w\" sizes=\"(max-width: 720px) 100vw, 720px\" \/><\/figure>\n\n\n\n<p>A Prefeitura de Zabel\u00ea atrav\u00e9s da secretaria de agricultura est\u00e3o prestando um servi\u00e7o de aux\u00edlio e acompanhamento, aos agricultores, desde o preparo do solo e acompanhamento t\u00e9cnico rural at\u00e9 a chegada da colheita. <\/p>\n\n\n\n<p>Este ano de 2019, segundo a secretaria de Agricultura, o munic\u00edpio recebeu o maior incentivo no corte de terras, com a chegada da safra, a prefeitura tamb\u00e9m, por meio da Secretaria de Agricultura est\u00e1 auxiliando os produtores na colheita do milho. Segundo o secret\u00e1rio Jos\u00e9 Jurandi, todos os agricultores est\u00e3o sendo auxiliados com a debulha mec\u00e2nica ofertada pela Prefeitura. <\/p>\n\n\n\n<p>O prefeito Dalyson Neves (PSDB), cumpre mais uma etapa com os agricultores e mantem a disposi\u00e7\u00e3o o maquin\u00e1rio do munic\u00edpio para atender os agricultores.<\/p>\n","protected":false},"excerpt":{"rendered":"<p>A Prefeitura de Zabel\u00ea atrav\u00e9s da secretaria de agricultura est\u00e3o prestando um servi\u00e7o de aux\u00edlio e acompanhamento, aos agricultores, desde o preparo do solo e&hellip; <\/p>\n","protected":false},"author":1,"featured_media":16828,"comment_status":"closed","ping_status":"closed","sticky":false,"template":"","format":"standard","meta":{"sfsi_plus_gutenberg_text_before_share":"","sfsi_plus_gutenberg_show_text_before_share":"","sfsi_plus_gutenberg_icon_type":"","sfsi_plus_gutenberg_icon_alignemt":"","sfsi_plus_gutenburg_max_per_row":"","footnotes":""},"categories":[6],"tags":[],"class_list":["post-114162","post","type-post","status-publish","format-standard","has-post-thumbnail","hentry","category-cidades"],"_links":{"self":[{"href":"https:\/\/www.caririemacao.com\/1\/wp-json\/wp\/v2\/posts\/114162","targetHints":{"allow":["GET"]}}],"collection":[{"href":"https:\/\/www.caririemacao.com\/1\/wp-json\/wp\/v2\/posts"}],"about":[{"href":"https:\/\/www.caririemacao.com\/1\/wp-json\/wp\/v2\/types\/post"}],"author":[{"embeddable":true,"href":"https:\/\/www.caririemacao.com\/1\/wp-json\/wp\/v2\/users\/1"}],"replies":[{"embeddable":true,"href":"https:\/\/www.caririemacao.com\/1\/wp-json\/wp\/v2\/comments?post=114162"}],"version-history":[{"count":2,"href":"https:\/\/www.caririemacao.com\/1\/wp-json\/wp\/v2\/posts\/114162\/revisions"}],"predecessor-version":[{"id":114167,"href":"https:\/\/www.caririemacao.com\/1\/wp-json\/wp\/v2\/posts\/114162\/revisions\/114167"}],"wp:featuredmedia":[{"embeddable":true,"href":"https:\/\/www.caririemacao.com\/1\/wp-json\/wp\/v2\/media\/16828"}],"wp:attachment":[{"href":"https:\/\/www.caririemacao.com\/1\/wp-json\/wp\/v2\/media?parent=114162"}],"wp:term":[{"taxonomy":"category","embeddable":true,"href":"https:\/\/www.caririemacao.com\/1\/wp-json\/wp\/v2\/categories?post=114162"},{"taxonomy":"post_tag","embeddable":true,"href":"https:\/\/www.caririemacao.com\/1\/wp-json\/wp\/v2\/tags?post=114162"}],"curies":[{"name":"wp","href":"https:\/\/api.w.org\/{rel}","templated":true}]}}