{"id":114174,"date":"2019-09-05T07:40:06","date_gmt":"2019-09-05T10:40:06","guid":{"rendered":"http:\/\/www.caririemacao.com\/1\/?p=114174"},"modified":"2019-09-05T07:40:06","modified_gmt":"2019-09-05T10:40:06","slug":"paraibano-italo-cerqueira-e-eleito-o-homem-mais-bonito-do-brasil","status":"publish","type":"post","link":"https:\/\/www.caririemacao.com\/1\/2019\/09\/05\/paraibano-italo-cerqueira-e-eleito-o-homem-mais-bonito-do-brasil\/","title":{"rendered":"Paraibano \u00cdtalo Cerqueira \u00e9 eleito o homem mais bonito do Brasil"},"content":{"rendered":"\n<p>O paraibano \u00cdtalo Cerqueira foi eleito o homem mais bonito do Brasil, na noite desta quarta-feira (4), no Concurso Nacional de Beleza, em Bento Gon\u00e7alves, Rio Grande do Sul.&nbsp;<\/p>\n\n\n\n<p>Na cerim\u00f4nia do Mister Brasil, \u00cdtalo concorreu com candidatos de todos os estados do pa\u00eds.<\/p>\n\n\n\n<p>Na final ele disputou o t\u00edtulo com Luan Antonelli, do estado de Santa Catarina, vencendo o rival por vota\u00e7\u00e3o popular.<\/p>\n","protected":false},"excerpt":{"rendered":"<p>O paraibano \u00cdtalo Cerqueira foi eleito o homem mais bonito do Brasil, na noite desta quarta-feira (4), no Concurso Nacional de Beleza, em Bento Gon\u00e7alves,&hellip; <\/p>\n","protected":false},"author":1,"featured_media":114176,"comment_status":"closed","ping_status":"closed","sticky":false,"template":"","format":"standard","meta":{"sfsi_plus_gutenberg_text_before_share":"","sfsi_plus_gutenberg_show_text_before_share":"","sfsi_plus_gutenberg_icon_type":"","sfsi_plus_gutenberg_icon_alignemt":"","sfsi_plus_gutenburg_max_per_row":"","footnotes":""},"categories":[2],"tags":[],"class_list":["post-114174","post","type-post","status-publish","format-standard","has-post-thumbnail","hentry","category-geral"],"_links":{"self":[{"href":"https:\/\/www.caririemacao.com\/1\/wp-json\/wp\/v2\/posts\/114174","targetHints":{"allow":["GET"]}}],"collection":[{"href":"https:\/\/www.caririemacao.com\/1\/wp-json\/wp\/v2\/posts"}],"about":[{"href":"https:\/\/www.caririemacao.com\/1\/wp-json\/wp\/v2\/types\/post"}],"author":[{"embeddable":true,"href":"https:\/\/www.caririemacao.com\/1\/wp-json\/wp\/v2\/users\/1"}],"replies":[{"embeddable":true,"href":"https:\/\/www.caririemacao.com\/1\/wp-json\/wp\/v2\/comments?post=114174"}],"version-history":[{"count":1,"href":"https:\/\/www.caririemacao.com\/1\/wp-json\/wp\/v2\/posts\/114174\/revisions"}],"predecessor-version":[{"id":114177,"href":"https:\/\/www.caririemacao.com\/1\/wp-json\/wp\/v2\/posts\/114174\/revisions\/114177"}],"wp:featuredmedia":[{"embeddable":true,"href":"https:\/\/www.caririemacao.com\/1\/wp-json\/wp\/v2\/media\/114176"}],"wp:attachment":[{"href":"https:\/\/www.caririemacao.com\/1\/wp-json\/wp\/v2\/media?parent=114174"}],"wp:term":[{"taxonomy":"category","embeddable":true,"href":"https:\/\/www.caririemacao.com\/1\/wp-json\/wp\/v2\/categories?post=114174"},{"taxonomy":"post_tag","embeddable":true,"href":"https:\/\/www.caririemacao.com\/1\/wp-json\/wp\/v2\/tags?post=114174"}],"curies":[{"name":"wp","href":"https:\/\/api.w.org\/{rel}","templated":true}]}}