{"id":114186,"date":"2019-09-05T07:43:03","date_gmt":"2019-09-05T10:43:03","guid":{"rendered":"http:\/\/www.caririemacao.com\/1\/?p=114186"},"modified":"2019-09-05T07:43:03","modified_gmt":"2019-09-05T10:43:03","slug":"frei-anastacio-abraca-dilma-no-congresso-e-quase-beija-ex-presidente-na-boca","status":"publish","type":"post","link":"https:\/\/www.caririemacao.com\/1\/2019\/09\/05\/frei-anastacio-abraca-dilma-no-congresso-e-quase-beija-ex-presidente-na-boca\/","title":{"rendered":"Frei Anast\u00e1cio abra\u00e7a Dilma no Congresso e quase beija ex-presidente na boca"},"content":{"rendered":"\n<p>A ex-presidente da Rep\u00fablica, Dillma Rousseff (PT), voltou ao Congresso Nacional pela 1\u00aa vez depois do impeachment, nesta quarta-feira (4). Na chegada, v\u00e1rios parlamentares a aguardavam para abra\u00e7a-la e, entre os primeiros da fila, estava o deputado federal paraibano Frei Anast\u00e1cio.<\/p>\n\n\n\n<p>Ansioso para cumprimentar Dilma, o Frei se empolgou e por pouco n\u00e3o protagonizou &#8220;uma cena para a imprensa&#8221; como a pr\u00f3pria Dilma disse no momento.<\/p>\n\n\n\n<p>\u00c9 que Frei Anast\u00e1cio se enrolou um pouco na hora do abra\u00e7o e quase beijou Dilma na boca. A ex-presidente brincou com a situa\u00e7\u00e3o e arrancou risos dos presentes.<\/p>\n\n\n\n<figure><iframe width=\"500\" height=\"281\" data-src=\"https:\/\/www.youtube.com\/embed\/I28p6HCHab8\" allowfullscreen=\"\" src=\"data:image\/svg+xml;base64,PHN2ZyB3aWR0aD0iMSIgaGVpZ2h0PSIxIiB4bWxucz0iaHR0cDovL3d3dy53My5vcmcvMjAwMC9zdmciPjwvc3ZnPg==\" class=\"lazyload\" data-load-mode=\"1\"><\/iframe><\/figure>\n\n\n\n<p>O ato desta quarta-feira foi realizado em um audit\u00f3rio na C\u00e2mara dos Deputados.<\/p>\n\n\n\n<p>Dilma chegou acompanhada de aliados pol\u00edticos, como o ex-prefeito de S\u00e3o Paulo e candidato derrotado do PT nas elei\u00e7\u00f5es presidenciais do ano passado, Fernando Haddad.<\/p>\n\n\n\n<p>Tamb\u00e9m participaram os presidentes de partidos de oposi\u00e7\u00e3o Carlos Lupi (PDT), Calos Siqueira (PSB) e Gleisi Hoffmann (PT), o ex-presidenci\u00e1vel Guilherme Boulos (PSOL), o governador do Piau\u00ed Wellington Dias (PT) e o senador Renan Calheiros (MDB-AL).<\/p>\n\n\n\n<p>As privatiza\u00e7\u00f5es, criticadas pelo grupo, s\u00e3o defendidas pelo governo como uma maneira de levantar recursos para o caixa da Uni\u00e3o e tornar mais eficiente a atua\u00e7\u00e3o das estatais. O governo j\u00e1 manifestou inten\u00e7\u00e3o de privatizar 17 empresas, entre elas Correios e Eletrobras.<\/p>\n","protected":false},"excerpt":{"rendered":"<p>A ex-presidente da Rep\u00fablica, Dillma Rousseff (PT), voltou ao Congresso Nacional pela 1\u00aa vez depois do impeachment, nesta quarta-feira (4). Na chegada, v\u00e1rios parlamentares a&hellip; <\/p>\n","protected":false},"author":1,"featured_media":14417,"comment_status":"closed","ping_status":"closed","sticky":false,"template":"","format":"standard","meta":{"sfsi_plus_gutenberg_text_before_share":"","sfsi_plus_gutenberg_show_text_before_share":"","sfsi_plus_gutenberg_icon_type":"","sfsi_plus_gutenberg_icon_alignemt":"","sfsi_plus_gutenburg_max_per_row":"","footnotes":""},"categories":[2],"tags":[],"class_list":["post-114186","post","type-post","status-publish","format-standard","has-post-thumbnail","hentry","category-geral"],"_links":{"self":[{"href":"https:\/\/www.caririemacao.com\/1\/wp-json\/wp\/v2\/posts\/114186","targetHints":{"allow":["GET"]}}],"collection":[{"href":"https:\/\/www.caririemacao.com\/1\/wp-json\/wp\/v2\/posts"}],"about":[{"href":"https:\/\/www.caririemacao.com\/1\/wp-json\/wp\/v2\/types\/post"}],"author":[{"embeddable":true,"href":"https:\/\/www.caririemacao.com\/1\/wp-json\/wp\/v2\/users\/1"}],"replies":[{"embeddable":true,"href":"https:\/\/www.caririemacao.com\/1\/wp-json\/wp\/v2\/comments?post=114186"}],"version-history":[{"count":1,"href":"https:\/\/www.caririemacao.com\/1\/wp-json\/wp\/v2\/posts\/114186\/revisions"}],"predecessor-version":[{"id":114187,"href":"https:\/\/www.caririemacao.com\/1\/wp-json\/wp\/v2\/posts\/114186\/revisions\/114187"}],"wp:featuredmedia":[{"embeddable":true,"href":"https:\/\/www.caririemacao.com\/1\/wp-json\/wp\/v2\/media\/14417"}],"wp:attachment":[{"href":"https:\/\/www.caririemacao.com\/1\/wp-json\/wp\/v2\/media?parent=114186"}],"wp:term":[{"taxonomy":"category","embeddable":true,"href":"https:\/\/www.caririemacao.com\/1\/wp-json\/wp\/v2\/categories?post=114186"},{"taxonomy":"post_tag","embeddable":true,"href":"https:\/\/www.caririemacao.com\/1\/wp-json\/wp\/v2\/tags?post=114186"}],"curies":[{"name":"wp","href":"https:\/\/api.w.org\/{rel}","templated":true}]}}