{"id":114218,"date":"2019-09-05T08:58:13","date_gmt":"2019-09-05T11:58:13","guid":{"rendered":"http:\/\/www.caririemacao.com\/1\/?p=114218"},"modified":"2019-09-05T08:58:13","modified_gmt":"2019-09-05T11:58:13","slug":"pesquisa-virus-zika-traz-prejuizos-motores-e-de-memoria-a-adultos","status":"publish","type":"post","link":"https:\/\/www.caririemacao.com\/1\/2019\/09\/05\/pesquisa-virus-zika-traz-prejuizos-motores-e-de-memoria-a-adultos\/","title":{"rendered":"Pesquisa: v\u00edrus Zika traz preju\u00edzos motores e de mem\u00f3ria a adultos"},"content":{"rendered":"\n<p>Um estudo conduzido por pesquisadores da Universidade Federal do Rio de Janeiro (UFRJ) descobriu que o v\u00edrus Zika, al\u00e9m de se replicar no c\u00e9rebro de pessoas adultas, tamb\u00e9m causa preju\u00edzos de mem\u00f3ria e problemas motores. O estudo foi publicado hoje (5), em Londres, no&nbsp;<em>Nature Communications<\/em>.<\/p>\n\n\n\n<p>O estudo foi iniciado na \u00e9poca do surto de Zika no pa\u00eds, nos anos de 2015 e 2016. \u201c[Na \u00e9poca] aumentou o n\u00famero de casos e, junto com a microcefalia, que foi o que chamou mais a aten\u00e7\u00e3o, come\u00e7aram a aparecer complica\u00e7\u00f5es em pacientes adultos\u201d, disse uma das coordenadoras da pesquisa, a neurocientista Claudia Figueiredo.<\/p>\n\n\n\n<p>Apesar de a doen\u00e7a ser autolimitada, com sintomas leves, muitos pacientes apresentavam quadro mais grave: alguns entravam em coma ou tinham interna\u00e7\u00f5es por per\u00edodos mais longos. \u201cEnt\u00e3o, surgiu a nossa pergunta: os pesquisadores t\u00eam mostrado que o v\u00edrus se replica em c\u00e9lulas progenitoras, que s\u00e3o aquelas do feto, do nervo central. Ser\u00e1 que esse v\u00edrus n\u00e3o infecta tamb\u00e9m o neur\u00f4nio maduro? Foi a\u00ed que come\u00e7ou a nossa abordagem\u201d, relatou Claudia.<\/p>\n\n\n\n<h2 class=\"wp-block-heading\">Neur\u00f4nio maduro<\/h2>\n\n\n\n<p>Os pesquisadores da UFRJ usaram tecidos de acesso, ou seja, tecidos sem doen\u00e7a, de pacientes adultos que haviam se submetido a cirurgias do c\u00e9rebro, mas n\u00e3o tinham Zika. Eles fizeram cultura em laborat\u00f3rio e colocaram o v\u00edrus Zika nesse tecido, que tem neur\u00f4nio maduro. Observaram ent\u00e3o que o v\u00edrus infectava aquelas c\u00e9lulas, principalmente os neur\u00f4nios desse tecido, e se replicava nesse tecido. Ou seja, produzia novas part\u00edculas virais.<\/p>\n\n\n\n<p>Nesse meio tempo, surgiram achados cl\u00ednicos de que em alguns pacientes se detectava o v\u00edrus no sistema nervoso central, no l\u00edquor, que \u00e9 o l\u00edquido que envolve o c\u00e9rebro. Os pesquisadores da UFRJ decidiram ent\u00e3o ver que tipo de efeito aconteceria se infectassem o c\u00e9rebro de um animal adulto com esse v\u00edrus. \u201cA gente fez a administra\u00e7\u00e3o do v\u00edrus dentro do c\u00e9rebro do camundongo adulto e observou v\u00e1rias coisas\u201d, disse Cl\u00e1udia.<\/p>\n\n\n\n<h2 class=\"wp-block-heading\">Replica\u00e7\u00e3o<\/h2>\n\n\n\n<p>Constatou-se ent\u00e3o que o v\u00edrus se replicava no c\u00e9rebro do animal adulto e tinha prefer\u00eancia por \u00e1reas relacionadas com a mem\u00f3ria e o controle motor. \u201cE era justamente isso que estava alterado nos pacientes quando eles tinham o v\u00edrus em quadros mais complicados. N\u00e3o s\u00f3 o v\u00edrus se replicou, mas ele [camundongo] ficou com preju\u00edzo de mem\u00f3ria e preju\u00edzo motor\u201d. Isso pode acontecer com pessoas adultas tamb\u00e9m, confirmou a coordenadora do estudo. \u201cQuando o v\u00edrus infecta, em algumas pessoas, n\u00e3o se sabe por qu\u00ea, o v\u00edrus chega ao sistema nervoso central, em outras n\u00e3o, depende de v\u00e1rios fatores, e pode causar esse tipo de dano\u201d.<\/p>\n\n\n\n<p>A neurocientista destacou que o preju\u00edzo de mem\u00f3ria ocorreu n\u00e3o apenas na fase adulta da infec\u00e7\u00e3o. Os cientistas perceberam que os sintomas permanecem mesmo ap\u00f3s a infec\u00e7\u00e3o ter sido controlada nos camundongos. O v\u00edrus se replicou e teve um pico de replica\u00e7\u00e3o de v\u00e1rios dias. \u201cS\u00f3 que at\u00e9 30 dias depois que o v\u00edrus j\u00e1 est\u00e1 com quantidade baixa no c\u00e9rebro, o animal ainda continua com preju\u00edzo de mem\u00f3ria. O preju\u00edzo de mem\u00f3ria persiste\u201d. A pesquisadora esclareceu que 30 dias na vida de um animal equivalem a dois, tr\u00eas ou quatro anos na vida de um humano. \u201c\u00c9 muito tempo\u201d.<\/p>\n\n\n\n<p>A pesquisa alerta que talvez seja necess\u00e1rio avaliar a mem\u00f3ria dos pacientes infectados ap\u00f3s alguns anos. O estudo tamb\u00e9m concluiu que o v\u00edrus induz uma informa\u00e7\u00e3o importante no c\u00e9rebro: que esses per\u00edodos de mem\u00f3ria est\u00e3o associados a quadros inflamat\u00f3rios muito intensos. Os pesquisadores usaram um anti-inflamat\u00f3rio e viram que esse tratamento melhora o preju\u00edzo de mem\u00f3ria, levando o paciente a recuperar a fun\u00e7\u00e3o prejudicada. Os cientistas acreditam que a descoberta pode contribuir para a elabora\u00e7\u00e3o de pol\u00edticas p\u00fablicas para tratamento de complica\u00e7\u00f5es neurol\u00f3gicas por Zika em pacientes adultos.<\/p>\n\n\n\n<h2 class=\"wp-block-heading\">Doen\u00e7as neuropsiqui\u00e1tricas<\/h2>\n\n\n\n<p>A pesquisa agora dever\u00e1 estudar outras altera\u00e7\u00f5es, isto \u00e9, se os pacientes que saem de um quadro de infec\u00e7\u00e3o de Zika ficam mais suscet\u00edveis a outras doen\u00e7as neuropsiqui\u00e1tricas. Para isso, est\u00e3o submetendo um animal que j\u00e1 se recuperou e melhorou do preju\u00edzo de mem\u00f3ria, para ver se ele fica mais suscet\u00edvel, por exemplo, a eventos de estresse que podem levar a um quadro depressivo. Claudia Figueiredo afirmou que a continuidade dos estudos depende de novos apoios financeiros. A Faperj, por exemplo, j\u00e1 ampliou a Rede Zika por mais um ano.<\/p>\n\n\n\n<p>Os pesquisadores querem avaliar ainda o efeito de outras arboviroses, isto \u00e9, os v\u00edrus transmitidos por mosquitos, entre os quais a Chikungunya, sobre esse tipo de altera\u00e7\u00e3o, principalmente na quest\u00e3o da dor. \u201cQue tipo de dor induz. Se \u00e9 um quadro similar \u00e0 artrite, se h\u00e1 um componente neurol\u00f3gico nessa dor, algum componente central\u201d, informou a pesquisadora.<\/p>\n\n\n\n<p>A pesquisa contou com financiamento da Rede de Pesquisa em Zika, Chikungunya e Dengue no Estado do Rio de Janeiro, da Funda\u00e7\u00e3o Carlos Chagas Filho de Amparo \u00e0 Pesquisa do Rio de Janeiro (Faperj), do Conselho Nacional de Desenvolvimento Cient\u00edfico e Tecnol\u00f3gico (CNPq), da Financiadora de Estudos e Projetos (Finep) e da Coordena\u00e7\u00e3o de Aperfei\u00e7oamento de Pessoal de N\u00edvel Superior (Capes). Al\u00e9m de Claudia Figueiredo, tamb\u00e9m coordenou a pesquisa, Sergio Ferreira, do Instituto de Bioqu\u00edmica da UFRJ. A virolgista Andrea Da Poian, do Instituto de Bioqu\u00edmica M\u00e9dica da UFRJ colaborou.<\/p>\n","protected":false},"excerpt":{"rendered":"<p>Um estudo conduzido por pesquisadores da Universidade Federal do Rio de Janeiro (UFRJ) descobriu que o v\u00edrus Zika, al\u00e9m de se replicar no c\u00e9rebro de&hellip; <\/p>\n","protected":false},"author":1,"featured_media":20959,"comment_status":"closed","ping_status":"closed","sticky":false,"template":"","format":"standard","meta":{"sfsi_plus_gutenberg_text_before_share":"","sfsi_plus_gutenberg_show_text_before_share":"","sfsi_plus_gutenberg_icon_type":"","sfsi_plus_gutenberg_icon_alignemt":"","sfsi_plus_gutenburg_max_per_row":"","footnotes":""},"categories":[16],"tags":[],"class_list":["post-114218","post","type-post","status-publish","format-standard","has-post-thumbnail","hentry","category-saude"],"_links":{"self":[{"href":"https:\/\/www.caririemacao.com\/1\/wp-json\/wp\/v2\/posts\/114218","targetHints":{"allow":["GET"]}}],"collection":[{"href":"https:\/\/www.caririemacao.com\/1\/wp-json\/wp\/v2\/posts"}],"about":[{"href":"https:\/\/www.caririemacao.com\/1\/wp-json\/wp\/v2\/types\/post"}],"author":[{"embeddable":true,"href":"https:\/\/www.caririemacao.com\/1\/wp-json\/wp\/v2\/users\/1"}],"replies":[{"embeddable":true,"href":"https:\/\/www.caririemacao.com\/1\/wp-json\/wp\/v2\/comments?post=114218"}],"version-history":[{"count":1,"href":"https:\/\/www.caririemacao.com\/1\/wp-json\/wp\/v2\/posts\/114218\/revisions"}],"predecessor-version":[{"id":114219,"href":"https:\/\/www.caririemacao.com\/1\/wp-json\/wp\/v2\/posts\/114218\/revisions\/114219"}],"wp:featuredmedia":[{"embeddable":true,"href":"https:\/\/www.caririemacao.com\/1\/wp-json\/wp\/v2\/media\/20959"}],"wp:attachment":[{"href":"https:\/\/www.caririemacao.com\/1\/wp-json\/wp\/v2\/media?parent=114218"}],"wp:term":[{"taxonomy":"category","embeddable":true,"href":"https:\/\/www.caririemacao.com\/1\/wp-json\/wp\/v2\/categories?post=114218"},{"taxonomy":"post_tag","embeddable":true,"href":"https:\/\/www.caririemacao.com\/1\/wp-json\/wp\/v2\/tags?post=114218"}],"curies":[{"name":"wp","href":"https:\/\/api.w.org\/{rel}","templated":true}]}}