{"id":114227,"date":"2019-09-05T09:01:03","date_gmt":"2019-09-05T12:01:03","guid":{"rendered":"http:\/\/www.caririemacao.com\/1\/?p=114227"},"modified":"2019-09-05T09:01:03","modified_gmt":"2019-09-05T12:01:03","slug":"contatos-de-mais-de-400-milhoes-de-contas-do-facebook-sao-expostos","status":"publish","type":"post","link":"https:\/\/www.caririemacao.com\/1\/2019\/09\/05\/contatos-de-mais-de-400-milhoes-de-contas-do-facebook-sao-expostos\/","title":{"rendered":"Contatos de mais de 400 milh\u00f5es de contas do Facebook s\u00e3o expostos"},"content":{"rendered":"\n<p>Os n\u00fameros de telefone ligados a mais de 400 milh\u00f5es de contas do Facebook que tinha sido armazenados de forma irregular foram expostos online. Esta \u00e9 a mais recente viola\u00e7\u00e3o da prote\u00e7\u00e3o de dados do grupo norte-americano, revelou o&nbsp;<em>site&nbsp;<\/em>TechCrunch.<\/p>\n\n\n\n<p>Um servidor vulner\u00e1vel armazenou 419 milh\u00f5es de registos de utilizadores da maior rede social do mundo em v\u00e1rios bancos de dados, incluindo 133 milh\u00f5es de contas nos Estados Unidos, mais de 50 milh\u00f5es no Vietnam e 18 milh\u00f5es na Gr\u00e3-Bretanha, segundo o site norte-americano.<\/p>\n\n\n\n<p>As bases de dados listaram as identidades dos utilizadores do Facebook &#8211; uma combina\u00e7\u00e3o \u00fanica de n\u00fameros para cada conta -, bem como os n\u00fameros de telefone associados aos perfis, o sexo dos utilizadores de determinadas contas e a localiza\u00e7\u00e3o geogr\u00e1fica.<\/p>\n\n\n\n<p>O servidor n\u00e3o estava protegido por qualquer senha, o que significava que qualquer pessoa poderia ter acesso aos bancos de dados. Segundo o site TechCrunch, a informa\u00e7\u00e3o ficou online at\u00e9 o fim do dia de ontem (4).<\/p>\n\n\n\n<p>O Facebook confirmou parcialmente as informa\u00e7\u00f5es do TechCrunch, mas minimizou o incidente.<\/p>\n\n\n\n<p>O grupo afirmou que muitos dos contatos eram c\u00f3pias e que os dados eram antigos. &#8220;Este conjunto de dados foi removido e n\u00e3o vimos sinais de que as contas do Facebook tenham sido comprometidas&#8221;, disse um porta-voz \u00e0 ag\u00eancia France Presse.<\/p>\n\n\n\n<p>Ap\u00f3s o esc\u00e2ndalo da Cambridge Analytica, em mar\u00e7o de 2018, que revelou a utiliza\u00e7\u00e3o pol\u00edtica de dados de milh\u00f5es de utilizadores do Facebook sem o seu conhecimento, o grupo removeu a possibilidade de fazer buscas na plataforma por n\u00fameros de telefone.<\/p>\n\n\n\n<p>No fim de agosto, o Facebook lan\u00e7ou testes para um novo recurso que permite aos utilizadores controlar os seus dados recuperados pela empresa americana fora da rede social.<\/p>\n\n\n\n<p>Esse an\u00fancio surgiu menos de uma semana depois de novas revela\u00e7\u00f5es sobre as pr\u00e1ticas irregulares do Facebook, que reconheceu ter transcrito a audi\u00e7\u00e3o de sons de alguns utilizadores, informa\u00e7\u00e3o que negou durante muito tempo.<\/p>\n\n\n\n<p>No fim de julho, o Facebook foi multado em 5 bilh\u00f5es pela autoridade reguladora dos EUA para as comunica\u00e7\u00f5es, por n\u00e3o proteger os dados pessoais dos seus utilizadores.<\/p>\n","protected":false},"excerpt":{"rendered":"<p>Os n\u00fameros de telefone ligados a mais de 400 milh\u00f5es de contas do Facebook que tinha sido armazenados de forma irregular foram expostos online. Esta&hellip; <\/p>\n","protected":false},"author":1,"featured_media":60741,"comment_status":"closed","ping_status":"closed","sticky":false,"template":"","format":"standard","meta":{"sfsi_plus_gutenberg_text_before_share":"","sfsi_plus_gutenberg_show_text_before_share":"","sfsi_plus_gutenberg_icon_type":"","sfsi_plus_gutenberg_icon_alignemt":"","sfsi_plus_gutenburg_max_per_row":"","footnotes":""},"categories":[2],"tags":[],"class_list":["post-114227","post","type-post","status-publish","format-standard","has-post-thumbnail","hentry","category-geral"],"_links":{"self":[{"href":"https:\/\/www.caririemacao.com\/1\/wp-json\/wp\/v2\/posts\/114227","targetHints":{"allow":["GET"]}}],"collection":[{"href":"https:\/\/www.caririemacao.com\/1\/wp-json\/wp\/v2\/posts"}],"about":[{"href":"https:\/\/www.caririemacao.com\/1\/wp-json\/wp\/v2\/types\/post"}],"author":[{"embeddable":true,"href":"https:\/\/www.caririemacao.com\/1\/wp-json\/wp\/v2\/users\/1"}],"replies":[{"embeddable":true,"href":"https:\/\/www.caririemacao.com\/1\/wp-json\/wp\/v2\/comments?post=114227"}],"version-history":[{"count":1,"href":"https:\/\/www.caririemacao.com\/1\/wp-json\/wp\/v2\/posts\/114227\/revisions"}],"predecessor-version":[{"id":114229,"href":"https:\/\/www.caririemacao.com\/1\/wp-json\/wp\/v2\/posts\/114227\/revisions\/114229"}],"wp:featuredmedia":[{"embeddable":true,"href":"https:\/\/www.caririemacao.com\/1\/wp-json\/wp\/v2\/media\/60741"}],"wp:attachment":[{"href":"https:\/\/www.caririemacao.com\/1\/wp-json\/wp\/v2\/media?parent=114227"}],"wp:term":[{"taxonomy":"category","embeddable":true,"href":"https:\/\/www.caririemacao.com\/1\/wp-json\/wp\/v2\/categories?post=114227"},{"taxonomy":"post_tag","embeddable":true,"href":"https:\/\/www.caririemacao.com\/1\/wp-json\/wp\/v2\/tags?post=114227"}],"curies":[{"name":"wp","href":"https:\/\/api.w.org\/{rel}","templated":true}]}}