{"id":114235,"date":"2019-09-05T09:03:44","date_gmt":"2019-09-05T12:03:44","guid":{"rendered":"http:\/\/www.caririemacao.com\/1\/?p=114235"},"modified":"2019-09-05T09:03:44","modified_gmt":"2019-09-05T12:03:44","slug":"estudos-mostram-que-oxigenio-em-excesso-matou-seres-vivos-na-terra","status":"publish","type":"post","link":"https:\/\/www.caririemacao.com\/1\/2019\/09\/05\/estudos-mostram-que-oxigenio-em-excesso-matou-seres-vivos-na-terra\/","title":{"rendered":"Estudos mostram que oxig\u00eanio em excesso matou seres vivos na Terra"},"content":{"rendered":"\n<p>Novos estudos indicam que h\u00e1 2 bilh\u00f5es de anos um fen\u00f4meno de cria\u00e7\u00e3o de oxig\u00eanio em excesso destruiu quase 100% dos organismos vivos na Terra. Os respons\u00e1veis foram os micro-organismos, os \u00fanicos seres existentes \u00e0 \u00e9poca.<\/p>\n\n\n\n<p>\u201cGrande momento de oxida\u00e7\u00e3o\u201d&nbsp; foi o nome dado a essa fase, considerada a maior cat\u00e1strofe da biosfera na Terra.<\/p>\n\n\n\n<p>Segundo Malcolm Hodgskiss, do Departamento de Geologia da Universidade de Standford, um dos autores do estudo, a investiga\u00e7\u00e3o come\u00e7ou quando, nas ilhas Belcher, no Canad\u00e1, foi recolhida uma amostra de \u201cbarite\u201d, um mineral com mais de 2 bilh\u00f5es de anos.<\/p>\n\n\n\n<p>Amostras como essa t\u00eam tra\u00e7os qu\u00edmicos e forma\u00e7\u00f5es inscritas que permitem descobrir e entender o passado, ainda que ele se refira a momentos muito anteriores \u00e0 primeira exist\u00eancia do homem na Terra.<\/p>\n\n\n\n<p>De acordo com os investigadores, a altera\u00e7\u00e3o dr\u00e1stica da atmosfera teve origem na fotoss\u00edntese excessiva dos micro-organismos, o que levou a um&nbsp;<em>boom<\/em>&nbsp;de oxig\u00eanio a que nem esses micro-organismos conseguiram subsistir.<\/p>\n\n\n\n<p>O fen\u00f4meno j\u00e1 era conhecido. A novidade est\u00e1 no conhecimento da dimens\u00e3o e dos seus efeitos. Conforme os c\u00e1lculos de Hodgskiss, estima-se que de 80% a 99,5% dos organismos tenham sido destru\u00eddos.<\/p>\n\n\n\n<p>Apesar das descobertas remeterem para um tempo anterior \u00e0 maioria da vida na Terra, os dados s\u00e3o relevantes para os dias de hoje. Isso porque a Terra continua vulner\u00e1vel \u00e0s altera\u00e7\u00f5es atmosf\u00e9ricas.<\/p>\n\n\n\n<p>Com o aquecimento global, os oceanos v\u00e3o aquecendo e os nutrientes que neles existem v\u00e3o sendo afetados. Sem nutrientes, os ecossistemas s\u00e3o interrompidos e, com eles, a cria\u00e7\u00e3o do oxig\u00e9nio e o equil\u00edbrio da atmosfera.<\/p>\n","protected":false},"excerpt":{"rendered":"<p>Novos estudos indicam que h\u00e1 2 bilh\u00f5es de anos um fen\u00f4meno de cria\u00e7\u00e3o de oxig\u00eanio em excesso destruiu quase 100% dos organismos vivos na Terra.&hellip; <\/p>\n","protected":false},"author":1,"featured_media":114236,"comment_status":"closed","ping_status":"closed","sticky":false,"template":"","format":"standard","meta":{"sfsi_plus_gutenberg_text_before_share":"","sfsi_plus_gutenberg_show_text_before_share":"","sfsi_plus_gutenberg_icon_type":"","sfsi_plus_gutenberg_icon_alignemt":"","sfsi_plus_gutenburg_max_per_row":"","footnotes":""},"categories":[2],"tags":[],"class_list":["post-114235","post","type-post","status-publish","format-standard","has-post-thumbnail","hentry","category-geral"],"_links":{"self":[{"href":"https:\/\/www.caririemacao.com\/1\/wp-json\/wp\/v2\/posts\/114235","targetHints":{"allow":["GET"]}}],"collection":[{"href":"https:\/\/www.caririemacao.com\/1\/wp-json\/wp\/v2\/posts"}],"about":[{"href":"https:\/\/www.caririemacao.com\/1\/wp-json\/wp\/v2\/types\/post"}],"author":[{"embeddable":true,"href":"https:\/\/www.caririemacao.com\/1\/wp-json\/wp\/v2\/users\/1"}],"replies":[{"embeddable":true,"href":"https:\/\/www.caririemacao.com\/1\/wp-json\/wp\/v2\/comments?post=114235"}],"version-history":[{"count":1,"href":"https:\/\/www.caririemacao.com\/1\/wp-json\/wp\/v2\/posts\/114235\/revisions"}],"predecessor-version":[{"id":114237,"href":"https:\/\/www.caririemacao.com\/1\/wp-json\/wp\/v2\/posts\/114235\/revisions\/114237"}],"wp:featuredmedia":[{"embeddable":true,"href":"https:\/\/www.caririemacao.com\/1\/wp-json\/wp\/v2\/media\/114236"}],"wp:attachment":[{"href":"https:\/\/www.caririemacao.com\/1\/wp-json\/wp\/v2\/media?parent=114235"}],"wp:term":[{"taxonomy":"category","embeddable":true,"href":"https:\/\/www.caririemacao.com\/1\/wp-json\/wp\/v2\/categories?post=114235"},{"taxonomy":"post_tag","embeddable":true,"href":"https:\/\/www.caririemacao.com\/1\/wp-json\/wp\/v2\/tags?post=114235"}],"curies":[{"name":"wp","href":"https:\/\/api.w.org\/{rel}","templated":true}]}}