{"id":114241,"date":"2019-09-05T09:07:16","date_gmt":"2019-09-05T12:07:16","guid":{"rendered":"http:\/\/www.caririemacao.com\/1\/?p=114241"},"modified":"2019-09-05T09:07:16","modified_gmt":"2019-09-05T12:07:16","slug":"explosao-em-cabul-deixa-pelo-menos-5-mortos-talibas-assumem-autoria","status":"publish","type":"post","link":"https:\/\/www.caririemacao.com\/1\/2019\/09\/05\/explosao-em-cabul-deixa-pelo-menos-5-mortos-talibas-assumem-autoria\/","title":{"rendered":"Explos\u00e3o em Cabul deixa pelo menos 5 mortos; talib\u00e3s assumem autoria"},"content":{"rendered":"\n<p>Pelo menos cinco pessoas morreram e 35 ficaram feridas em um ataque hoje (5) com explosivos em Cabul, no Afeganist\u00e3o, j\u00e1 reivindicado pelos extremistas talib\u00e3s.<\/p>\n\n\n\n<p>&#8220;At\u00e9 agora h\u00e1 cinco mortos e 35 feridos foram levados para hospitais&#8221;, disse \u00e0 ag\u00eancia de not\u00edcias Efe um membro do Centro de Coordena\u00e7\u00e3o de V\u00edtimas do Minist\u00e9rio da Sa\u00fade P\u00fablica, que pediu anonimato.<\/p>\n\n\n\n<p>Segundo a fonte, o n\u00famero de v\u00edtimas pode aumentar &#8220;nas pr\u00f3ximas horas, \u00e0 medida que o trabalho de socorro \u00e0s v\u00edtimas for realizado&#8221;.<\/p>\n\n\n\n<p>O ataque ocorreu \u00e0s 10h10 (hor\u00e1rio local), no distrito de Shash-Darak, particularmente protegido por medidas de seguran\u00e7a.<\/p>\n\n\n\n<p>Nessa \u00e1rea de alta seguran\u00e7a existem v\u00e1rios escrit\u00f3rios do governo, incluindo uma sede do servi\u00e7o de informa\u00e7\u00f5es afeg\u00e3o, o Departamento Nacional de Seguran\u00e7a (NDS).<\/p>\n\n\n\n<p>O porta-voz da pol\u00edcia de Cabul, Firdaws Faramarz, garantiu \u00e0 Efe que a explos\u00e3o causou um n\u00famero indeterminado de v\u00edtimas e &#8220;danos a v\u00e1rios carros na estrada&#8221;, sem fornecer mais detalhes.<\/p>\n\n\n\n<p>Os talib\u00e3s assumiram a responsabilidade pelo ataque &#8220;contra um posto de controle do Departamento de Seguran\u00e7a Nacional&#8221;.<\/p>\n\n\n\n<p>O objetivo do ataque foi especificamente &#8220;um grupo de invasores estrangeiros que estavam a caminho do departamento&#8221;, disse o porta-voz dos talib\u00e3s, Zabihullah Mujahid, em sua conta no Twitter, acrescentando que 12 estrangeiros e oito soldados afeg\u00e3os morreram na explos\u00e3o.<\/p>\n\n\n\n<p>O porta-voz do Minist\u00e9rio do Interior afeg\u00e3o, Nasrat Rahimi, confirmou tamb\u00e9m o ataque, mas n\u00e3o deixou claro se o Departamento Nacional de Seguran\u00e7a havia sido atingido pela explos\u00e3o.<\/p>\n\n\n\n<p>O atentado ocorre no momento em que est\u00e1 em curso um processo de negocia\u00e7\u00f5es entre os Estados Unidos (EUA) e os talib\u00e3s e depois de o representante especial dos EUA para a Paz, Zalmay Khalilzad, apresentar ao governo de Cabul o projeto de acordo com os talib\u00e3s, ap\u00f3s v\u00e1rios meses de negocia\u00e7\u00f5es no Catar.<\/p>\n\n\n\n<p>O acordo dever\u00e1 permitir uma retirada significativa das tropas norte-americanas.<\/p>\n\n\n\n<p>Nessa quarta-feira, o governo afeg\u00e3o mostrou-se &#8220;preocupado&#8221; e pediu &#8220;esclarecimentos sobre o documento, para analisar com precis\u00e3o os riscos e consequ\u00eancias e impedir qualquer perigo que possa causar&#8221;, informou mensagem divulgada no Twitter por Sediq Sediqqi, porta-voz do presidente afeg\u00e3o, Ashraf Ghani.<\/p>\n","protected":false},"excerpt":{"rendered":"<p>Pelo menos cinco pessoas morreram e 35 ficaram feridas em um ataque hoje (5) com explosivos em Cabul, no Afeganist\u00e3o, j\u00e1 reivindicado pelos extremistas talib\u00e3s.&hellip; <\/p>\n","protected":false},"author":1,"featured_media":22534,"comment_status":"closed","ping_status":"closed","sticky":false,"template":"","format":"standard","meta":{"sfsi_plus_gutenberg_text_before_share":"","sfsi_plus_gutenberg_show_text_before_share":"","sfsi_plus_gutenberg_icon_type":"","sfsi_plus_gutenberg_icon_alignemt":"","sfsi_plus_gutenburg_max_per_row":"","footnotes":""},"categories":[2],"tags":[],"class_list":["post-114241","post","type-post","status-publish","format-standard","has-post-thumbnail","hentry","category-geral"],"_links":{"self":[{"href":"https:\/\/www.caririemacao.com\/1\/wp-json\/wp\/v2\/posts\/114241","targetHints":{"allow":["GET"]}}],"collection":[{"href":"https:\/\/www.caririemacao.com\/1\/wp-json\/wp\/v2\/posts"}],"about":[{"href":"https:\/\/www.caririemacao.com\/1\/wp-json\/wp\/v2\/types\/post"}],"author":[{"embeddable":true,"href":"https:\/\/www.caririemacao.com\/1\/wp-json\/wp\/v2\/users\/1"}],"replies":[{"embeddable":true,"href":"https:\/\/www.caririemacao.com\/1\/wp-json\/wp\/v2\/comments?post=114241"}],"version-history":[{"count":1,"href":"https:\/\/www.caririemacao.com\/1\/wp-json\/wp\/v2\/posts\/114241\/revisions"}],"predecessor-version":[{"id":114243,"href":"https:\/\/www.caririemacao.com\/1\/wp-json\/wp\/v2\/posts\/114241\/revisions\/114243"}],"wp:featuredmedia":[{"embeddable":true,"href":"https:\/\/www.caririemacao.com\/1\/wp-json\/wp\/v2\/media\/22534"}],"wp:attachment":[{"href":"https:\/\/www.caririemacao.com\/1\/wp-json\/wp\/v2\/media?parent=114241"}],"wp:term":[{"taxonomy":"category","embeddable":true,"href":"https:\/\/www.caririemacao.com\/1\/wp-json\/wp\/v2\/categories?post=114241"},{"taxonomy":"post_tag","embeddable":true,"href":"https:\/\/www.caririemacao.com\/1\/wp-json\/wp\/v2\/tags?post=114241"}],"curies":[{"name":"wp","href":"https:\/\/api.w.org\/{rel}","templated":true}]}}