{"id":114272,"date":"2019-09-05T10:13:19","date_gmt":"2019-09-05T13:13:19","guid":{"rendered":"http:\/\/www.caririemacao.com\/1\/?p=114272"},"modified":"2019-09-05T10:13:19","modified_gmt":"2019-09-05T13:13:19","slug":"enem-disponibilizara-atendimento-especial-a-mais-de-50-mil-candidatos","status":"publish","type":"post","link":"https:\/\/www.caririemacao.com\/1\/2019\/09\/05\/enem-disponibilizara-atendimento-especial-a-mais-de-50-mil-candidatos\/","title":{"rendered":"Enem disponibilizar\u00e1 atendimento especial a mais de 50 mil candidatos"},"content":{"rendered":"\n<p>O Exame Nacional do Ensino M\u00e9dio (Enem) de 2019 disponibilizar\u00e1 atendimento especializado a mais de 50 mil participantes que manifestaram necessidades especiais para fazer o exame. O n\u00famero equivale a 1% dos 5,1 milh\u00f5es de inscritos. O Instituto Nacional de Estudos e Pesquisas Educacionais An\u00edsio Teixeira (Inep), vinculado ao Minist\u00e9rio da Educa\u00e7\u00e3o (MEC) e respons\u00e1vel pela aplica\u00e7\u00e3o da prova, oferece 15 recursos para que as pessoas com defici\u00eancia realizem as provas com comodidade.<\/p>\n\n\n\n<p>Entre os recursos oferecidos pelo Inep, est\u00e3o: apoio para pernas e p\u00e9s; mesa para usu\u00e1rios de cadeira de rodas; salas de f\u00e1cil acesso; e prova impressa em braile. Para os participantes com baixa vis\u00e3o, o instituto tamb\u00e9m disponibiliza as provas nas modalidades ampliada ou superampliada,ou seja, impressas com fontes caligr\u00e1ficas e imagens aumentadas. Os candidatos que apresentaram tamb\u00e9m laudo, declara\u00e7\u00e3o ou parecer que comprovando a necessidade de tempo adicional poder\u00e3o dispor de um acr\u00e9scimo de 60 minutos para fazer as provas.<\/p>\n\n\n\n<p>De acordo com o MEC, uma inova\u00e7\u00e3o no Enem 2019 foi a possibilidade de o participante informar, no ato de inscri\u00e7\u00e3o, que usa aparelho auditivo ou implante coclear. O Inep registrou 1.846 usu\u00e1rios inscritos que utilizam um destes dispositivos ou os dois.<\/p>\n\n\n\n<p>\u201cA comunidade surda que tem a L\u00edngua Brasileira de Sinais (Libras) como primeiro idioma realiza a videoprova traduzida em Libras desde 2017. A modalidade permite que o participante fa\u00e7a a prova em notebook, mediante v\u00eddeo com enunciados das quest\u00f5es e op\u00e7\u00f5es das respostas traduzidas em Libras. Quem faz a videoprova conta com 120 minutos adicionais para cada dia do exame\u201d.<\/p>\n\n\n\n<p><strong>Material pr\u00f3prio<\/strong><\/p>\n\n\n\n<p>Em alguns casos, o participante pode levar material pr\u00f3prio no dia do exame, como m\u00e1quina para a escrita em braile, lupa, reglete, lumin\u00e1ria e outros objetos descritos no edital. O participante que solicitou atendimento e apresentou a documenta\u00e7\u00e3o que comprova essa necessidade poder\u00e1 utilizar objetos pr\u00f3prios para realizar a prova.Atendimento espec\u00edfico<\/p>\n\n\n\n<p><strong>Atendimento espec\u00edfico<\/strong><\/p>\n\n\n\n<p>O Inep confirmou tamb\u00e9m a inscri\u00e7\u00e3o de 5.277 pessoas que ter\u00e3o atendimento espec\u00edfico. Entre elas, est\u00e3o pessoas em situa\u00e7\u00e3o hospitalar, gestantes, lactantes e idosos.<\/p>\n\n\n\n<p><strong>Data das provas<\/strong><\/p>\n\n\n\n<p>As provas do Enem 2019 ser\u00e3o aplicadas em dois domingos, 3 e 10 de novembro. No dia 3, ser\u00e3o realizadas as provas de linguagens, c\u00f3digos e suas tecnologias, reda\u00e7\u00e3o e ci\u00eancias humanas e suas tecnologias. No dia 10, as provas ser\u00e3o de ci\u00eancias da natureza e suas tecnologias e matem\u00e1tica e suas tecnologias.<\/p>\n","protected":false},"excerpt":{"rendered":"<p>O Exame Nacional do Ensino M\u00e9dio (Enem) de 2019 disponibilizar\u00e1 atendimento especializado a mais de 50 mil participantes que manifestaram necessidades especiais para fazer o&hellip; <\/p>\n","protected":false},"author":1,"featured_media":106034,"comment_status":"closed","ping_status":"closed","sticky":false,"template":"","format":"standard","meta":{"sfsi_plus_gutenberg_text_before_share":"","sfsi_plus_gutenberg_show_text_before_share":"","sfsi_plus_gutenberg_icon_type":"","sfsi_plus_gutenberg_icon_alignemt":"","sfsi_plus_gutenburg_max_per_row":"","footnotes":""},"categories":[14],"tags":[],"class_list":["post-114272","post","type-post","status-publish","format-standard","has-post-thumbnail","hentry","category-educacao"],"_links":{"self":[{"href":"https:\/\/www.caririemacao.com\/1\/wp-json\/wp\/v2\/posts\/114272","targetHints":{"allow":["GET"]}}],"collection":[{"href":"https:\/\/www.caririemacao.com\/1\/wp-json\/wp\/v2\/posts"}],"about":[{"href":"https:\/\/www.caririemacao.com\/1\/wp-json\/wp\/v2\/types\/post"}],"author":[{"embeddable":true,"href":"https:\/\/www.caririemacao.com\/1\/wp-json\/wp\/v2\/users\/1"}],"replies":[{"embeddable":true,"href":"https:\/\/www.caririemacao.com\/1\/wp-json\/wp\/v2\/comments?post=114272"}],"version-history":[{"count":1,"href":"https:\/\/www.caririemacao.com\/1\/wp-json\/wp\/v2\/posts\/114272\/revisions"}],"predecessor-version":[{"id":114273,"href":"https:\/\/www.caririemacao.com\/1\/wp-json\/wp\/v2\/posts\/114272\/revisions\/114273"}],"wp:featuredmedia":[{"embeddable":true,"href":"https:\/\/www.caririemacao.com\/1\/wp-json\/wp\/v2\/media\/106034"}],"wp:attachment":[{"href":"https:\/\/www.caririemacao.com\/1\/wp-json\/wp\/v2\/media?parent=114272"}],"wp:term":[{"taxonomy":"category","embeddable":true,"href":"https:\/\/www.caririemacao.com\/1\/wp-json\/wp\/v2\/categories?post=114272"},{"taxonomy":"post_tag","embeddable":true,"href":"https:\/\/www.caririemacao.com\/1\/wp-json\/wp\/v2\/tags?post=114272"}],"curies":[{"name":"wp","href":"https:\/\/api.w.org\/{rel}","templated":true}]}}