{"id":114289,"date":"2019-09-05T11:23:26","date_gmt":"2019-09-05T14:23:26","guid":{"rendered":"http:\/\/www.caririemacao.com\/1\/?p=114289"},"modified":"2019-09-05T11:23:26","modified_gmt":"2019-09-05T14:23:26","slug":"prefeito-inacio-nobrega-participa-de-doacao-de-baldes-no-ponto-de-abastecimento-do-programa-agua-doce","status":"publish","type":"post","link":"https:\/\/www.caririemacao.com\/1\/2019\/09\/05\/prefeito-inacio-nobrega-participa-de-doacao-de-baldes-no-ponto-de-abastecimento-do-programa-agua-doce\/","title":{"rendered":"Prefeito In\u00e1cio N\u00f3brega participa de doa\u00e7\u00e3o de baldes no ponto de abastecimento do Programa \u00c1gua Doce"},"content":{"rendered":"\n<p>O Prefeito In\u00e1cio N\u00f3brega esteve junto com a Secret\u00e1ria de Sa\u00fade Ver\u00f4nica Rafael fazendo uma visita ao ponto de abastecimento do Programa \u00c1gua Doce.<\/p>\n\n\n\n<figure class=\"wp-block-image\"><a href=\"https:\/\/1.bp.blogspot.com\/-YvCCnSTw5C4\/XXAYuR9ZMaI\/AAAAAAABC4Q\/8xIwh8ERqowNjEBh0VyR_rdQKtd5TjIHwCLcBGAs\/s1600\/WhatsApp%2BImage%2B2019-09-04%2Bat%2B11.30.17%2BAM.jpeg\"><img decoding=\"async\" data-src=\"https:\/\/1.bp.blogspot.com\/-YvCCnSTw5C4\/XXAYuR9ZMaI\/AAAAAAABC4Q\/8xIwh8ERqowNjEBh0VyR_rdQKtd5TjIHwCLcBGAs\/s640\/WhatsApp%2BImage%2B2019-09-04%2Bat%2B11.30.17%2BAM.jpeg\" alt=\"\" src=\"data:image\/svg+xml;base64,PHN2ZyB3aWR0aD0iMSIgaGVpZ2h0PSIxIiB4bWxucz0iaHR0cDovL3d3dy53My5vcmcvMjAwMC9zdmciPjwvc3ZnPg==\" class=\"lazyload\" \/><\/a><\/figure>\n\n\n\n<p>O prefeito tamb\u00e9m participou da doa\u00e7\u00e3o de novos baldes para aquelas pessoas que ainda n\u00e3o possuem o tipo de balde certo para fazer a coleta. Esses baldes foram doados pelo programa \u00c1gua Doce.&nbsp;<br>Todas as pessoas que chegam para a coleta com outro recipiente que n\u00e3o seja o balde de 20 litros, est\u00e3o recebendo um novo balde. Todo dia de coleta, um fiscal da Vigil\u00e2ncia Sanit\u00e1ria est\u00e1 no ponto fazendo a entrega desse material.<\/p>\n","protected":false},"excerpt":{"rendered":"<p>O Prefeito In\u00e1cio N\u00f3brega esteve junto com a Secret\u00e1ria de Sa\u00fade Ver\u00f4nica Rafael fazendo uma visita ao ponto de abastecimento do Programa \u00c1gua Doce. O&hellip; <\/p>\n","protected":false},"author":1,"featured_media":114290,"comment_status":"closed","ping_status":"closed","sticky":false,"template":"","format":"standard","meta":{"sfsi_plus_gutenberg_text_before_share":"","sfsi_plus_gutenberg_show_text_before_share":"","sfsi_plus_gutenberg_icon_type":"","sfsi_plus_gutenberg_icon_alignemt":"","sfsi_plus_gutenburg_max_per_row":"","footnotes":""},"categories":[2],"tags":[],"class_list":["post-114289","post","type-post","status-publish","format-standard","has-post-thumbnail","hentry","category-geral"],"_links":{"self":[{"href":"https:\/\/www.caririemacao.com\/1\/wp-json\/wp\/v2\/posts\/114289","targetHints":{"allow":["GET"]}}],"collection":[{"href":"https:\/\/www.caririemacao.com\/1\/wp-json\/wp\/v2\/posts"}],"about":[{"href":"https:\/\/www.caririemacao.com\/1\/wp-json\/wp\/v2\/types\/post"}],"author":[{"embeddable":true,"href":"https:\/\/www.caririemacao.com\/1\/wp-json\/wp\/v2\/users\/1"}],"replies":[{"embeddable":true,"href":"https:\/\/www.caririemacao.com\/1\/wp-json\/wp\/v2\/comments?post=114289"}],"version-history":[{"count":1,"href":"https:\/\/www.caririemacao.com\/1\/wp-json\/wp\/v2\/posts\/114289\/revisions"}],"predecessor-version":[{"id":114291,"href":"https:\/\/www.caririemacao.com\/1\/wp-json\/wp\/v2\/posts\/114289\/revisions\/114291"}],"wp:featuredmedia":[{"embeddable":true,"href":"https:\/\/www.caririemacao.com\/1\/wp-json\/wp\/v2\/media\/114290"}],"wp:attachment":[{"href":"https:\/\/www.caririemacao.com\/1\/wp-json\/wp\/v2\/media?parent=114289"}],"wp:term":[{"taxonomy":"category","embeddable":true,"href":"https:\/\/www.caririemacao.com\/1\/wp-json\/wp\/v2\/categories?post=114289"},{"taxonomy":"post_tag","embeddable":true,"href":"https:\/\/www.caririemacao.com\/1\/wp-json\/wp\/v2\/tags?post=114289"}],"curies":[{"name":"wp","href":"https:\/\/api.w.org\/{rel}","templated":true}]}}