{"id":114297,"date":"2019-09-05T13:56:52","date_gmt":"2019-09-05T16:56:52","guid":{"rendered":"http:\/\/www.caririemacao.com\/1\/?p=114297"},"modified":"2019-09-05T13:56:52","modified_gmt":"2019-09-05T16:56:52","slug":"prefeito-em-exercicio-celecileno-visita-obras-e-entrega-beneficios","status":"publish","type":"post","link":"https:\/\/www.caririemacao.com\/1\/2019\/09\/05\/prefeito-em-exercicio-celecileno-visita-obras-e-entrega-beneficios\/","title":{"rendered":"Prefeito em exerc\u00edcio Celecileno visita obras e entrega benef\u00edcios"},"content":{"rendered":"\n<p>O Prefeito em exerc\u00edcio de Monteiro manteve agenda intensa nestas quarta e quinta feira participando de entrega de benef\u00edcios e visitando e fiscalizando obras.<br>Na quarta feira (04), o prefeito em exerc\u00edcio Celecileno esteve na comunidade de Santa Catarina em mais uma edi\u00e7\u00e3o do programa governamental Dialogando com o Povo, ao lado de secret\u00e1rios municipais, diretores, lideran\u00e7as comunit\u00e1rias e vereadores.<br>Na ocasi\u00e3o, Celecileno participou da entrega de novos fardamentos para alunos da rede municipal da comunidade.\u00a0<\/p>\n\n\n\n<figure class=\"wp-block-image\"><a href=\"https:\/\/1.bp.blogspot.com\/-hy3gvjYxccE\/XXEep87QakI\/AAAAAAAAGd8\/i2uvNKGZ-r4Y4MR475lt9uQe1pTfox7fACLcBGAs\/s1600\/A3.jpg\"><img decoding=\"async\" data-src=\"https:\/\/1.bp.blogspot.com\/-hy3gvjYxccE\/XXEep87QakI\/AAAAAAAAGd8\/i2uvNKGZ-r4Y4MR475lt9uQe1pTfox7fACLcBGAs\/s320\/A3.jpg\" alt=\"A3\" src=\"data:image\/svg+xml;base64,PHN2ZyB3aWR0aD0iMSIgaGVpZ2h0PSIxIiB4bWxucz0iaHR0cDovL3d3dy53My5vcmcvMjAwMC9zdmciPjwvc3ZnPg==\" class=\"lazyload\" \/><\/a><\/figure>\n\n\n\n<p>Tamb\u00e9m foram entregues frangos em uma parceria firmada junto \u00e0 COOPEAVES, e foram ouvidas demandas do p\u00fablico, que ser\u00e3o atendidas nos pr\u00f3ximos dias pela equipe da gest\u00e3o.<br><strong>FISCALIZANDO OBRAS<\/strong><br><\/p>\n\n\n\n<figure class=\"wp-block-image\"><a href=\"https:\/\/1.bp.blogspot.com\/-Xc074Oh7fXo\/XXEeqDUAZRI\/AAAAAAAAGeE\/8mHfgy4awEc0c-5QrTnM4RWxO8_fj1r0ACLcBGAs\/s1600\/A1.jpg\"><img decoding=\"async\" data-src=\"https:\/\/1.bp.blogspot.com\/-Xc074Oh7fXo\/XXEeqDUAZRI\/AAAAAAAAGeE\/8mHfgy4awEc0c-5QrTnM4RWxO8_fj1r0ACLcBGAs\/s320\/A1.jpg\" alt=\"A1\" src=\"data:image\/svg+xml;base64,PHN2ZyB3aWR0aD0iMSIgaGVpZ2h0PSIxIiB4bWxucz0iaHR0cDovL3d3dy53My5vcmcvMjAwMC9zdmciPjwvc3ZnPg==\" class=\"lazyload\" \/><\/a><\/figure>\n\n\n\n<p>J\u00e1 na quinta feira (05) pela manh\u00e3, o prefeito atendeu o p\u00fablico no gabinete da prefeitura municipal e visitou obras de cal\u00e7amento para fiscalizar o seu andamento.<br>Ao lado de vereadores e de secret\u00e1rios, foram visitadas pelo prefeito em exerc\u00edcio, as obras de pavimenta\u00e7\u00e3o da Rua conhecida como Rua do Bij\u00fa, e Rua Sebasti\u00e3o de Aquino.<br>\u201cS\u00e3o obras que est\u00e3o sendo realizadas a todo vapor, e cujo objetivo \u00e9 levar benef\u00edcios e melhorar a qualidade de vida de nosso povo, em todos os recantos seja na zona urbana, quanto na zona rural\u201d,lembrou o prefeito em exerc\u00edcio.<br><strong>F\u00c1BIO BRITO<\/strong><\/p>\n","protected":false},"excerpt":{"rendered":"<p>O Prefeito em exerc\u00edcio de Monteiro manteve agenda intensa nestas quarta e quinta feira participando de entrega de benef\u00edcios e visitando e fiscalizando obras.Na quarta&hellip; <\/p>\n","protected":false},"author":1,"featured_media":114299,"comment_status":"closed","ping_status":"closed","sticky":false,"template":"","format":"standard","meta":{"sfsi_plus_gutenberg_text_before_share":"","sfsi_plus_gutenberg_show_text_before_share":"","sfsi_plus_gutenberg_icon_type":"","sfsi_plus_gutenberg_icon_alignemt":"","sfsi_plus_gutenburg_max_per_row":"","footnotes":""},"categories":[6],"tags":[],"class_list":["post-114297","post","type-post","status-publish","format-standard","has-post-thumbnail","hentry","category-cidades"],"_links":{"self":[{"href":"https:\/\/www.caririemacao.com\/1\/wp-json\/wp\/v2\/posts\/114297","targetHints":{"allow":["GET"]}}],"collection":[{"href":"https:\/\/www.caririemacao.com\/1\/wp-json\/wp\/v2\/posts"}],"about":[{"href":"https:\/\/www.caririemacao.com\/1\/wp-json\/wp\/v2\/types\/post"}],"author":[{"embeddable":true,"href":"https:\/\/www.caririemacao.com\/1\/wp-json\/wp\/v2\/users\/1"}],"replies":[{"embeddable":true,"href":"https:\/\/www.caririemacao.com\/1\/wp-json\/wp\/v2\/comments?post=114297"}],"version-history":[{"count":1,"href":"https:\/\/www.caririemacao.com\/1\/wp-json\/wp\/v2\/posts\/114297\/revisions"}],"predecessor-version":[{"id":114300,"href":"https:\/\/www.caririemacao.com\/1\/wp-json\/wp\/v2\/posts\/114297\/revisions\/114300"}],"wp:featuredmedia":[{"embeddable":true,"href":"https:\/\/www.caririemacao.com\/1\/wp-json\/wp\/v2\/media\/114299"}],"wp:attachment":[{"href":"https:\/\/www.caririemacao.com\/1\/wp-json\/wp\/v2\/media?parent=114297"}],"wp:term":[{"taxonomy":"category","embeddable":true,"href":"https:\/\/www.caririemacao.com\/1\/wp-json\/wp\/v2\/categories?post=114297"},{"taxonomy":"post_tag","embeddable":true,"href":"https:\/\/www.caririemacao.com\/1\/wp-json\/wp\/v2\/tags?post=114297"}],"curies":[{"name":"wp","href":"https:\/\/api.w.org\/{rel}","templated":true}]}}