{"id":114301,"date":"2019-09-05T13:59:28","date_gmt":"2019-09-05T16:59:28","guid":{"rendered":"http:\/\/www.caririemacao.com\/1\/?p=114301"},"modified":"2019-09-05T13:59:28","modified_gmt":"2019-09-05T16:59:28","slug":"prefeitura-instala-luminarias-de-energia-solar-em-rua-de-ouro-velho","status":"publish","type":"post","link":"https:\/\/www.caririemacao.com\/1\/2019\/09\/05\/prefeitura-instala-luminarias-de-energia-solar-em-rua-de-ouro-velho\/","title":{"rendered":"Prefeitura instala lumin\u00e1rias de energia solar em rua de Ouro Velho"},"content":{"rendered":"\n<div class=\"wp-block-image\"><figure class=\"alignleft\"><img decoding=\"async\" data-src=\"https:\/\/i2.wp.com\/www.vitrinedocariri.com.br\/wp-content\/uploads\/2019\/09\/005-2.jpg?resize=300%2C218&amp;ssl=1\" alt=\"\" class=\"wp-image-52333 lazyload\" src=\"data:image\/svg+xml;base64,PHN2ZyB3aWR0aD0iMSIgaGVpZ2h0PSIxIiB4bWxucz0iaHR0cDovL3d3dy53My5vcmcvMjAwMC9zdmciPjwvc3ZnPg==\" \/><\/figure><\/div>\n\n\n\n<p><\/p>\n\n\n\n<p><\/p>\n\n\n\n<p>Uma nova tecnologia de ilumina\u00e7\u00e3o foi instalada em Ouro Velho. Foram colocadas v\u00e1rias lumin\u00e1rias de LED que funcionam com energia solar. A instala\u00e7\u00e3o foi na rua Edson Correia De Melo.<\/p>\n\n\n\n<p>A prefeita, Nat\u00e1lia de Dr J\u00fanior (PSD), assegura que a nova ilumina\u00e7\u00e3o vai ajudar na redu\u00e7\u00e3o do consumo de energia el\u00e9trica. \u201cVamos ter mais sobra de recurso, para garantir novos investimentos no munic\u00edpio de Ouro Velho\u201d. Finalizou a prefeita.<\/p>\n\n\n\n<p>O sistema funciona pela capta\u00e7\u00e3o de energia dos pain\u00e9is individuais, que durante todo o dia recebem luz solar e a transforma em energia el\u00e9trica. A carga \u00e9 transferida para a bateria, que aciona a lumin\u00e1ria de l\u00e2mpadas de LED acopladas aos bra\u00e7os met\u00e1licos do poste.<\/p>\n\n\n\n<p>Em dias de sol o abastecimento \u00e9 maior que nos dias em que ele n\u00e3o aparece, mas basta ter claridade para funcionar. Quando escurece o sensor faz com que as luzes se acendam automaticamente. Cada l\u00e2mpada de LED ilumina o equivalente a uma l\u00e2mpada convencional de 250 watts.<\/p>\n\n\n\n<p>O novo sistema em breve deve ser instalado tamb\u00e9m em v\u00e1rios pontos da cidade. Segundo o secret\u00e1rio de Infraestrutura, Wendell Sidclei, a nova ilumina\u00e7\u00e3o deve ajudar na redu\u00e7\u00e3o do consumo de energia el\u00e9trica. \u201cA ideia surgiu no Departamento de Engenharia, pensando na economia da ilumina\u00e7\u00e3o p\u00fablica visando \u00e0 sustentabilidade\u201d, disse.<\/p>\n","protected":false},"excerpt":{"rendered":"<p>Uma nova tecnologia de ilumina\u00e7\u00e3o foi instalada em Ouro Velho. Foram colocadas v\u00e1rias lumin\u00e1rias de LED que funcionam com energia solar. A instala\u00e7\u00e3o foi na&hellip; <\/p>\n","protected":false},"author":1,"featured_media":44181,"comment_status":"closed","ping_status":"closed","sticky":false,"template":"","format":"standard","meta":{"sfsi_plus_gutenberg_text_before_share":"","sfsi_plus_gutenberg_show_text_before_share":"","sfsi_plus_gutenberg_icon_type":"","sfsi_plus_gutenberg_icon_alignemt":"","sfsi_plus_gutenburg_max_per_row":"","footnotes":""},"categories":[6,50],"tags":[],"class_list":["post-114301","post","type-post","status-publish","format-standard","has-post-thumbnail","hentry","category-cidades","category-destaque"],"_links":{"self":[{"href":"https:\/\/www.caririemacao.com\/1\/wp-json\/wp\/v2\/posts\/114301","targetHints":{"allow":["GET"]}}],"collection":[{"href":"https:\/\/www.caririemacao.com\/1\/wp-json\/wp\/v2\/posts"}],"about":[{"href":"https:\/\/www.caririemacao.com\/1\/wp-json\/wp\/v2\/types\/post"}],"author":[{"embeddable":true,"href":"https:\/\/www.caririemacao.com\/1\/wp-json\/wp\/v2\/users\/1"}],"replies":[{"embeddable":true,"href":"https:\/\/www.caririemacao.com\/1\/wp-json\/wp\/v2\/comments?post=114301"}],"version-history":[{"count":1,"href":"https:\/\/www.caririemacao.com\/1\/wp-json\/wp\/v2\/posts\/114301\/revisions"}],"predecessor-version":[{"id":114302,"href":"https:\/\/www.caririemacao.com\/1\/wp-json\/wp\/v2\/posts\/114301\/revisions\/114302"}],"wp:featuredmedia":[{"embeddable":true,"href":"https:\/\/www.caririemacao.com\/1\/wp-json\/wp\/v2\/media\/44181"}],"wp:attachment":[{"href":"https:\/\/www.caririemacao.com\/1\/wp-json\/wp\/v2\/media?parent=114301"}],"wp:term":[{"taxonomy":"category","embeddable":true,"href":"https:\/\/www.caririemacao.com\/1\/wp-json\/wp\/v2\/categories?post=114301"},{"taxonomy":"post_tag","embeddable":true,"href":"https:\/\/www.caririemacao.com\/1\/wp-json\/wp\/v2\/tags?post=114301"}],"curies":[{"name":"wp","href":"https:\/\/api.w.org\/{rel}","templated":true}]}}