{"id":114303,"date":"2019-09-05T14:01:15","date_gmt":"2019-09-05T17:01:15","guid":{"rendered":"http:\/\/www.caririemacao.com\/1\/?p=114303"},"modified":"2019-09-05T14:01:15","modified_gmt":"2019-09-05T17:01:15","slug":"prefeito-de-camalau-assina-ordem-de-servico-para-a-construcao-de-mais-um-dessalinizador-em-parceria-com-o-governo-do-estado","status":"publish","type":"post","link":"https:\/\/www.caririemacao.com\/1\/2019\/09\/05\/prefeito-de-camalau-assina-ordem-de-servico-para-a-construcao-de-mais-um-dessalinizador-em-parceria-com-o-governo-do-estado\/","title":{"rendered":"Prefeito de Camala\u00fa assina ordem de servi\u00e7o para a constru\u00e7\u00e3o de mais um dessalinizador em parceria com o governo do estado"},"content":{"rendered":"\n<p>O prefeito de Camala\u00fa Sandro M\u00f4co esteve na tarde desta quarta feira (04), ao lado do secret\u00e1rio de agricultura N\u00eago M\u00f4co e do vereador C\u00e9lio, na comunidade do Assentamento de Eldorado dos Caraj\u00e1s.<br>L\u00e1 o gestor ao lado do Presidente da Associa\u00e7\u00e3o dos moradores, Z\u00e9 Branco, assinou a ordem de servi\u00e7o para a constru\u00e7\u00e3o e instala\u00e7\u00e3o de mais um dessalinizador, que ir\u00e1 atender aquela comunidade.<br>\u201c\u00c9 uma parceria do governo municipal de Camala\u00fa, com o governo do estado, mostrando que quando h\u00e1 o incentivo, a parceria e a vontade pol\u00edtica dos poderes, s\u00f3 quem sai ganhando \u00e9 a popula\u00e7\u00e3o\u201d, afirmou\u00a0\u00a0prefeito Sandro.<br><strong>F\u00c1BIO BRITO<\/strong><br><\/p>\n","protected":false},"excerpt":{"rendered":"<p>O prefeito de Camala\u00fa Sandro M\u00f4co esteve na tarde desta quarta feira (04), ao lado do secret\u00e1rio de agricultura N\u00eago M\u00f4co e do vereador C\u00e9lio,&hellip; <\/p>\n","protected":false},"author":1,"featured_media":114304,"comment_status":"closed","ping_status":"closed","sticky":false,"template":"","format":"standard","meta":{"sfsi_plus_gutenberg_text_before_share":"","sfsi_plus_gutenberg_show_text_before_share":"","sfsi_plus_gutenberg_icon_type":"","sfsi_plus_gutenberg_icon_alignemt":"","sfsi_plus_gutenburg_max_per_row":"","footnotes":""},"categories":[6],"tags":[],"class_list":["post-114303","post","type-post","status-publish","format-standard","has-post-thumbnail","hentry","category-cidades"],"_links":{"self":[{"href":"https:\/\/www.caririemacao.com\/1\/wp-json\/wp\/v2\/posts\/114303","targetHints":{"allow":["GET"]}}],"collection":[{"href":"https:\/\/www.caririemacao.com\/1\/wp-json\/wp\/v2\/posts"}],"about":[{"href":"https:\/\/www.caririemacao.com\/1\/wp-json\/wp\/v2\/types\/post"}],"author":[{"embeddable":true,"href":"https:\/\/www.caririemacao.com\/1\/wp-json\/wp\/v2\/users\/1"}],"replies":[{"embeddable":true,"href":"https:\/\/www.caririemacao.com\/1\/wp-json\/wp\/v2\/comments?post=114303"}],"version-history":[{"count":1,"href":"https:\/\/www.caririemacao.com\/1\/wp-json\/wp\/v2\/posts\/114303\/revisions"}],"predecessor-version":[{"id":114305,"href":"https:\/\/www.caririemacao.com\/1\/wp-json\/wp\/v2\/posts\/114303\/revisions\/114305"}],"wp:featuredmedia":[{"embeddable":true,"href":"https:\/\/www.caririemacao.com\/1\/wp-json\/wp\/v2\/media\/114304"}],"wp:attachment":[{"href":"https:\/\/www.caririemacao.com\/1\/wp-json\/wp\/v2\/media?parent=114303"}],"wp:term":[{"taxonomy":"category","embeddable":true,"href":"https:\/\/www.caririemacao.com\/1\/wp-json\/wp\/v2\/categories?post=114303"},{"taxonomy":"post_tag","embeddable":true,"href":"https:\/\/www.caririemacao.com\/1\/wp-json\/wp\/v2\/tags?post=114303"}],"curies":[{"name":"wp","href":"https:\/\/api.w.org\/{rel}","templated":true}]}}