{"id":114309,"date":"2019-09-05T14:06:04","date_gmt":"2019-09-05T17:06:04","guid":{"rendered":"http:\/\/www.caririemacao.com\/1\/?p=114309"},"modified":"2019-09-05T14:06:04","modified_gmt":"2019-09-05T17:06:04","slug":"prefeitura-de-sao-jose-dos-cordeiros-prorroga-inscricoes-de-seu-concurso-publico","status":"publish","type":"post","link":"https:\/\/www.caririemacao.com\/1\/2019\/09\/05\/prefeitura-de-sao-jose-dos-cordeiros-prorroga-inscricoes-de-seu-concurso-publico\/","title":{"rendered":"Prefeitura de S\u00e3o Jos\u00e9 dos Cordeiros prorroga inscri\u00e7\u00f5es de seu concurso p\u00fablico"},"content":{"rendered":"\n<p>Al\u00e9m da Prefeitura de Sum\u00e9, a Prefeitura de S\u00e3o Jos\u00e9 dos Cordeiros confirmou nesta quinta-feira(05), a prorroga\u00e7\u00e3o das inscri\u00e7\u00f5es para seu concurso p\u00fablico. Os interessados ter\u00e3o at\u00e9 o pr\u00f3ximo dia 18 de setembro para efetuar as inscri\u00e7\u00f5es e o pagamento do boleto banc\u00e1rio referente a inscri\u00e7\u00e3o.<\/p>\n\n\n\n<p>A prorroga\u00e7\u00e3o do certame foi publicada no site da CPCON, organizadora do certame, atrav\u00e9s do edital normativo que modifica a retifica\u00e7\u00e3o do cronograma.&nbsp;<a href=\"https:\/\/cpcon.uepb.edu.br\/concursos\/2019_PM_SAO_JOSE_DOS_CORDEIROS\/Edital\/EDITAL_NORMATIVO_SAO_JOSE_DOS_CORDEIROS_006_2019.pdf?fbclid=IwAR0i38AbtCKW5yJVJwRph6qx8zOK3tGqHR45uTdmDGbmOzKaFfioeZ3pRHs\" target=\"_blank\" rel=\"noreferrer noopener\">CONFIRA AQUI<\/a><\/p>\n\n\n\n<p>Ao todo est\u00e3o sendo oferecidas 28 vagas para cargos em todos os n\u00edveis de escolaridade. As inscri\u00e7\u00f5es poder\u00e3o ser feitas exclusivamente pela internet no endere\u00e7o: www.cpcon.uepb.edu.br.<\/p>\n\n\n\n<p>Est\u00e3o sendo ofertadas vagas para os cargos de Auxiliar de Servi\u00e7os Gerais, Eletricista, Merendeira, Operador de M\u00e1quinas, Pedreiro, Sepultador, Operador de M\u00e1quinas pesadas, Agente Comunit\u00e1rio de Sa\u00fade, Cuidador, Motorista, T\u00e9cnico em Enfermagem, T\u00e9cnico em Sa\u00fade Bucal, Assistente Social, Administrador p\u00fablico, Agroec\u00f3logo, Fisioterapeuta, Fonoaudi\u00f3logo, M\u00e9dico, Nutricionista, Odont\u00f3logo PSF, Professor A e Psicopedagogo.<\/p>\n\n\n\n<p>As provas n\u00e3o sofreram altera\u00e7\u00e3o e ocorrer\u00e3o no dia 20 de outubro. As inscri\u00e7\u00f5es para os cargos de N\u00edvel Fundamental custar\u00e3o R$ 65,00, os cargos de N\u00edvel M\u00e9dio\/T\u00e9cnico R$ 85,00 e os de N\u00edvel Superior: R$ 105,00.<\/p>\n\n\n\n<p><\/p>\n\n\n\n<p>De Olho no Cariri<\/p>\n","protected":false},"excerpt":{"rendered":"<p>Al\u00e9m da Prefeitura de Sum\u00e9, a Prefeitura de S\u00e3o Jos\u00e9 dos Cordeiros confirmou nesta quinta-feira(05), a prorroga\u00e7\u00e3o das inscri\u00e7\u00f5es para seu concurso p\u00fablico. Os interessados&hellip; <\/p>\n","protected":false},"author":1,"featured_media":108049,"comment_status":"closed","ping_status":"closed","sticky":false,"template":"","format":"standard","meta":{"sfsi_plus_gutenberg_text_before_share":"","sfsi_plus_gutenberg_show_text_before_share":"","sfsi_plus_gutenberg_icon_type":"","sfsi_plus_gutenberg_icon_alignemt":"","sfsi_plus_gutenburg_max_per_row":"","footnotes":""},"categories":[2],"tags":[],"class_list":["post-114309","post","type-post","status-publish","format-standard","has-post-thumbnail","hentry","category-geral"],"_links":{"self":[{"href":"https:\/\/www.caririemacao.com\/1\/wp-json\/wp\/v2\/posts\/114309","targetHints":{"allow":["GET"]}}],"collection":[{"href":"https:\/\/www.caririemacao.com\/1\/wp-json\/wp\/v2\/posts"}],"about":[{"href":"https:\/\/www.caririemacao.com\/1\/wp-json\/wp\/v2\/types\/post"}],"author":[{"embeddable":true,"href":"https:\/\/www.caririemacao.com\/1\/wp-json\/wp\/v2\/users\/1"}],"replies":[{"embeddable":true,"href":"https:\/\/www.caririemacao.com\/1\/wp-json\/wp\/v2\/comments?post=114309"}],"version-history":[{"count":1,"href":"https:\/\/www.caririemacao.com\/1\/wp-json\/wp\/v2\/posts\/114309\/revisions"}],"predecessor-version":[{"id":114310,"href":"https:\/\/www.caririemacao.com\/1\/wp-json\/wp\/v2\/posts\/114309\/revisions\/114310"}],"wp:featuredmedia":[{"embeddable":true,"href":"https:\/\/www.caririemacao.com\/1\/wp-json\/wp\/v2\/media\/108049"}],"wp:attachment":[{"href":"https:\/\/www.caririemacao.com\/1\/wp-json\/wp\/v2\/media?parent=114309"}],"wp:term":[{"taxonomy":"category","embeddable":true,"href":"https:\/\/www.caririemacao.com\/1\/wp-json\/wp\/v2\/categories?post=114309"},{"taxonomy":"post_tag","embeddable":true,"href":"https:\/\/www.caririemacao.com\/1\/wp-json\/wp\/v2\/tags?post=114309"}],"curies":[{"name":"wp","href":"https:\/\/api.w.org\/{rel}","templated":true}]}}