{"id":114313,"date":"2019-09-05T14:07:57","date_gmt":"2019-09-05T17:07:57","guid":{"rendered":"http:\/\/www.caririemacao.com\/1\/?p=114313"},"modified":"2019-09-05T14:07:57","modified_gmt":"2019-09-05T17:07:57","slug":"governador-nomeia-geraldo-medeiros-como-secretario-de-estado-da-saude","status":"publish","type":"post","link":"https:\/\/www.caririemacao.com\/1\/2019\/09\/05\/governador-nomeia-geraldo-medeiros-como-secretario-de-estado-da-saude\/","title":{"rendered":"Governador nomeia Geraldo Medeiros como secret\u00e1rio de Estado da Sa\u00fade"},"content":{"rendered":"\n<p>O governador da Para\u00edba nomeou Geraldo Medeiros como secret\u00e1rio de Estado da Sa\u00fade. A nomea\u00e7\u00e3o foi publicada no Di\u00e1rio Oficial desta quinta-feira (5).<\/p>\n\n\n\n<p>Geraldo ocupava o cargo de Secret\u00e1rio Executivo de Gest\u00e3o da Rede de Unidades de Sa\u00fade. No lugar dele assume Daniel Gomes Monteiro Beltrammi.<\/p>\n\n\n\n<p>Geraldo Medeiros, ent\u00e3o secret\u00e1rio Executivo de Gest\u00e3o da Rede de Unidades de Sa\u00fade, foi designado em abril para responder, pelo cargo de provimento em comiss\u00e3o de Secret\u00e1rio de Estado da Sa\u00fade, S\u00edmbolo CDS-1, ap\u00f3s a exonera\u00e7\u00e3o da titular da pasta Cl\u00e1udia Veras. Na \u00e9poca, v\u00e1rios auxiliares do Governo, investigados na Opera\u00e7\u00e3o Calv\u00e1rio, foram exonerados.<\/p>\n\n\n\n<p><em>Com Click PB<\/em><\/p>\n","protected":false},"excerpt":{"rendered":"<p>O governador da Para\u00edba nomeou Geraldo Medeiros como secret\u00e1rio de Estado da Sa\u00fade. A nomea\u00e7\u00e3o foi publicada no Di\u00e1rio Oficial desta quinta-feira (5). Geraldo ocupava&hellip; <\/p>\n","protected":false},"author":1,"featured_media":114314,"comment_status":"closed","ping_status":"closed","sticky":false,"template":"","format":"standard","meta":{"sfsi_plus_gutenberg_text_before_share":"","sfsi_plus_gutenberg_show_text_before_share":"","sfsi_plus_gutenberg_icon_type":"","sfsi_plus_gutenberg_icon_alignemt":"","sfsi_plus_gutenburg_max_per_row":"","footnotes":""},"categories":[11],"tags":[],"class_list":["post-114313","post","type-post","status-publish","format-standard","has-post-thumbnail","hentry","category-politica"],"_links":{"self":[{"href":"https:\/\/www.caririemacao.com\/1\/wp-json\/wp\/v2\/posts\/114313","targetHints":{"allow":["GET"]}}],"collection":[{"href":"https:\/\/www.caririemacao.com\/1\/wp-json\/wp\/v2\/posts"}],"about":[{"href":"https:\/\/www.caririemacao.com\/1\/wp-json\/wp\/v2\/types\/post"}],"author":[{"embeddable":true,"href":"https:\/\/www.caririemacao.com\/1\/wp-json\/wp\/v2\/users\/1"}],"replies":[{"embeddable":true,"href":"https:\/\/www.caririemacao.com\/1\/wp-json\/wp\/v2\/comments?post=114313"}],"version-history":[{"count":1,"href":"https:\/\/www.caririemacao.com\/1\/wp-json\/wp\/v2\/posts\/114313\/revisions"}],"predecessor-version":[{"id":114315,"href":"https:\/\/www.caririemacao.com\/1\/wp-json\/wp\/v2\/posts\/114313\/revisions\/114315"}],"wp:featuredmedia":[{"embeddable":true,"href":"https:\/\/www.caririemacao.com\/1\/wp-json\/wp\/v2\/media\/114314"}],"wp:attachment":[{"href":"https:\/\/www.caririemacao.com\/1\/wp-json\/wp\/v2\/media?parent=114313"}],"wp:term":[{"taxonomy":"category","embeddable":true,"href":"https:\/\/www.caririemacao.com\/1\/wp-json\/wp\/v2\/categories?post=114313"},{"taxonomy":"post_tag","embeddable":true,"href":"https:\/\/www.caririemacao.com\/1\/wp-json\/wp\/v2\/tags?post=114313"}],"curies":[{"name":"wp","href":"https:\/\/api.w.org\/{rel}","templated":true}]}}