{"id":114317,"date":"2019-09-05T14:13:05","date_gmt":"2019-09-05T17:13:05","guid":{"rendered":"http:\/\/www.caririemacao.com\/1\/?p=114317"},"modified":"2019-09-05T14:13:05","modified_gmt":"2019-09-05T17:13:05","slug":"governo-lanca-programa-para-escolas-civico-militares","status":"publish","type":"post","link":"https:\/\/www.caririemacao.com\/1\/2019\/09\/05\/governo-lanca-programa-para-escolas-civico-militares\/","title":{"rendered":"Governo lan\u00e7a programa para escolas c\u00edvico-militares"},"content":{"rendered":"\n<p>O governo federal lan\u00e7ou hoje (5) o Programa Nacional das Escolas C\u00edvico-Militares (Pecim), em cerim\u00f4nia no Pal\u00e1cio do Planalto. Com o objetivo de promover a melhoria na qualidade do ensino na educa\u00e7\u00e3o b\u00e1sica, a meta \u00e9 implementar 216 escolas em todos as unidades da federa\u00e7\u00e3o at\u00e9 2023.<\/p>\n\n\n\n<p>As escolas c\u00edvico-militares s\u00e3o institui\u00e7\u00f5es n\u00e3o militarizadas, mas com uma equipe de militares da reserva no papel de tutores. Em julho, o Minist\u00e9rio da Educa\u00e7\u00e3o (MEC) j\u00e1 havia anunciado a&nbsp;<a href=\"http:\/\/agenciabrasil.ebc.com.br\/educacao\/noticia\/2019-07\/mec-pretende-implantar-no-pa%C3%ADs-108-escolas-c%C3%ADvico-militares-ate-2023\" target=\"_blank\" rel=\"noreferrer noopener\">implementa\u00e7\u00e3o de 108 escolas<\/a>&nbsp;nesse modelo, no \u00e2mbito do Compromisso Nacional pela Educa\u00e7\u00e3o B\u00e1sica. Agora, a meta foi dobrada.<\/p>\n\n\n\n<p>O ministro da Educa\u00e7\u00e3o, Abraham Weintraub, destacou que as escolas c\u00edvico-militares t\u00eam um desempenho muito acima da m\u00e9dia e s\u00e3o instrumento para a melhoria da educa\u00e7\u00e3o no pa\u00eds. Segundo ele, a meta \u00e9 criar 216 escolas, mas o desafio \u00e9 ter 10% de todas as escolas brasileiras no modelo c\u00edvico-militar at\u00e9 o final do governo do presidente Jair Bolsonaro.<\/p>\n\n\n\n<p>\u201cAs fam\u00edlias sentem muito mais seguran\u00e7a em deixar seus filhos nas escolas, o ambiente \u00e9 muito mais seguro, a camaradagem entre os colegas \u00e9 melhor, eu realmente tenho virado f\u00e3 desse modelo\u201d, disse.<\/p>\n\n\n\n<p>Para o presidente Bolsonaro, o bom desempenho das escolas c\u00edvico-militares est\u00e1 ligado \u00e0 disciplina dos alunos.<\/p>\n\n\n\n<p>\u201cTem que botar na cabe\u00e7a dessa garotada a import\u00e2ncia dos valores c\u00edvicos-militares, como t\u00ednhamos h\u00e1 pouco no governo militar, sobre educa\u00e7\u00e3o moral e c\u00edvica, sobre respeito \u00e0 bandeira\u201d, disse.<\/p>\n\n\n\n<p>Durante seu discurso, Bolsonaro disse ainda que o que tira um pa\u00eds da mis\u00e9ria e da pobreza \u00e9 conhecimento, e que o Brasil tem um potencial enorme para explorar, incluindo as riquezas da Amaz\u00f4nia.<\/p>\n\n\n\n<p>\u201cTenho oferecido a l\u00edderes mundiais, em parceria, explorar a nossa Amaz\u00f4nia, nossa biodiversidade, a descoberta de novos seres vivos para a cura de doen\u00e7as, darmos um salto naquilo que o mundo est\u00e1 buscando. Temos um potencial enorme para isso, mas precisamos de c\u00e9rebros, temos que trabalhar esses c\u00e9rebros\u201d, ressaltou.<\/p>\n\n\n\n<h2 class=\"wp-block-heading\">Modelo<\/h2>\n\n\n\n<p>De acordo com o MEC, os militares atuar\u00e3o na disciplina dos alunos, no fortalecimento de valores \u00e9ticos e morais, e na \u00e1rea administrativa, no aprimoramento da infraestrutura e organiza\u00e7\u00e3o da escola e dos estudantes. As quest\u00f5es did\u00e1tico-pedag\u00f3gicas continuar\u00e3o atribui\u00e7\u00f5es exclusivas dos docentes, sem sobreposi\u00e7\u00e3o com os militares, e ser\u00e3o respeitadas as fun\u00e7\u00f5es pr\u00f3prias dos profissionais da educa\u00e7\u00e3o, que constam na&nbsp;<a href=\"http:\/\/www.planalto.gov.br\/ccivil_03\/LEIS\/L9394.htm\" target=\"_blank\" rel=\"noreferrer noopener\">Lei de Diretrizes e Bases da Educa\u00e7\u00e3o Nacional<\/a>.<\/p>\n\n\n\n<p>A implanta\u00e7\u00e3o das escolas c\u00edvico-militares vai&nbsp;ocorrer preferencialmente em regi\u00f5es que apresentam situa\u00e7\u00e3o de vulnerabilidade social e baixos \u00edndices no \u00cdndice de Desenvolvimento da Educa\u00e7\u00e3o B\u00e1sica (Ideb). Entre as premissas do programa est\u00e3o a contribui\u00e7\u00e3o para a melhoria do ambiente escolar, redu\u00e7\u00e3o da viol\u00eancia, da evas\u00e3o e da repet\u00eancia escolar.<\/p>\n\n\n\n<figure class=\"wp-block-image\"><img decoding=\"async\" data-src=\"http:\/\/imagens.ebc.com.br\/n24VgW_Jx9TRXRQu0pSD1g4rBXg=\/754x0\/smart\/http:\/\/agenciabrasil.ebc.com.br\/sites\/default\/files\/thumbnails\/image\/antcrz_abr_05091922226.jpg?itok=xlwUGCqU\" alt=\"O Presidente Jair Bolsonaro durante o Lan\u00e7amento do Programa Nacional das Escolas C\u00edvico-Militares \u2013 PECIM.\" src=\"data:image\/svg+xml;base64,PHN2ZyB3aWR0aD0iMSIgaGVpZ2h0PSIxIiB4bWxucz0iaHR0cDovL3d3dy53My5vcmcvMjAwMC9zdmciPjwvc3ZnPg==\" class=\"lazyload\" \/><\/figure>\n\n\n\n<p>O Presidente Jair Bolsonaro durante o lan\u00e7amento do Programa Nacional das Escolas C\u00edvico-Militares&nbsp; &#8211;&nbsp;<strong>Antonio Cruz\/ Ag\u00eancia Brasil<\/strong><\/p>\n\n\n\n<p>A ades\u00e3o dos estados e munic\u00edpios ao programa \u00e9 volunt\u00e1ria e, de acordo com o MEC, os gestores dever\u00e3o realizar uma consulta p\u00fablica e a comunidade escolar deve aceitar a mudan\u00e7a.<\/p>\n\n\n\n<p>Para o presidente Bolsonaro, entretanto, a depender do desempenho dos alunos, a implanta\u00e7\u00e3o da escola c\u00edvico-militar pode ser imposta. Ele citou o caso do Distrito Federal, onde o modelo foi adotado em quatro escolas, em parceria com a Pol\u00edcia Militar. \u201cVi que alguns bairros tiveram vota\u00e7\u00e3o e n\u00e3o aceitaram. Me desculpa, n\u00e3o tem que aceitar n\u00e3o, tem que impor\u201d, disse. \u201cN\u00e3o queremos que essa garotada cres\u00e7a e vai ser, no futuro, um dependente at\u00e9 morrer de programas sociais do governo\u201d, completou.<\/p>\n\n\n\n<p>Neste ano, 54 escolas ser\u00e3o contempladas com o programa, em formato piloto, duas em cada unidade da Federa\u00e7\u00e3o. A indica\u00e7\u00e3o das institui\u00e7\u00f5es dever\u00e1 ser feita pelos estados at\u00e9 27 de setembro. Os col\u00e9gios devem ter de 500 a mil alunos do 6\u00ba ao 9\u00ba ano do ensino fundamental e\/ou m\u00e9dio.<\/p>\n\n\n\n<p>O Minist\u00e9rio da Defesa vai destacar militares da reserva das For\u00e7as Armadas para o trabalho de tutores. Eles ser\u00e3o contratados por at\u00e9 dez anos e v\u00e3o ganhar&nbsp;30% da remunera\u00e7\u00e3o que recebiam antes de se aposentar. Os estados poder\u00e3o ainda destinar policiais e bombeiros para ajudar na administra\u00e7\u00e3o das escolas.<\/p>\n\n\n\n<p>O MEC investir\u00e1 R$ 1 milh\u00e3o por escola, para o pagamento dos militares, melhoria da infraestrutura das unidades e materiais escolares.<\/p>\n","protected":false},"excerpt":{"rendered":"<p>O governo federal lan\u00e7ou hoje (5) o Programa Nacional das Escolas C\u00edvico-Militares (Pecim), em cerim\u00f4nia no Pal\u00e1cio do Planalto. Com o objetivo de promover a&hellip; <\/p>\n","protected":false},"author":1,"featured_media":114318,"comment_status":"closed","ping_status":"closed","sticky":false,"template":"","format":"standard","meta":{"sfsi_plus_gutenberg_text_before_share":"","sfsi_plus_gutenberg_show_text_before_share":"","sfsi_plus_gutenberg_icon_type":"","sfsi_plus_gutenberg_icon_alignemt":"","sfsi_plus_gutenburg_max_per_row":"","footnotes":""},"categories":[11],"tags":[],"class_list":["post-114317","post","type-post","status-publish","format-standard","has-post-thumbnail","hentry","category-politica"],"_links":{"self":[{"href":"https:\/\/www.caririemacao.com\/1\/wp-json\/wp\/v2\/posts\/114317","targetHints":{"allow":["GET"]}}],"collection":[{"href":"https:\/\/www.caririemacao.com\/1\/wp-json\/wp\/v2\/posts"}],"about":[{"href":"https:\/\/www.caririemacao.com\/1\/wp-json\/wp\/v2\/types\/post"}],"author":[{"embeddable":true,"href":"https:\/\/www.caririemacao.com\/1\/wp-json\/wp\/v2\/users\/1"}],"replies":[{"embeddable":true,"href":"https:\/\/www.caririemacao.com\/1\/wp-json\/wp\/v2\/comments?post=114317"}],"version-history":[{"count":1,"href":"https:\/\/www.caririemacao.com\/1\/wp-json\/wp\/v2\/posts\/114317\/revisions"}],"predecessor-version":[{"id":114319,"href":"https:\/\/www.caririemacao.com\/1\/wp-json\/wp\/v2\/posts\/114317\/revisions\/114319"}],"wp:featuredmedia":[{"embeddable":true,"href":"https:\/\/www.caririemacao.com\/1\/wp-json\/wp\/v2\/media\/114318"}],"wp:attachment":[{"href":"https:\/\/www.caririemacao.com\/1\/wp-json\/wp\/v2\/media?parent=114317"}],"wp:term":[{"taxonomy":"category","embeddable":true,"href":"https:\/\/www.caririemacao.com\/1\/wp-json\/wp\/v2\/categories?post=114317"},{"taxonomy":"post_tag","embeddable":true,"href":"https:\/\/www.caririemacao.com\/1\/wp-json\/wp\/v2\/tags?post=114317"}],"curies":[{"name":"wp","href":"https:\/\/api.w.org\/{rel}","templated":true}]}}