{"id":114320,"date":"2019-09-05T14:15:04","date_gmt":"2019-09-05T17:15:04","guid":{"rendered":"http:\/\/www.caririemacao.com\/1\/?p=114320"},"modified":"2019-09-05T14:15:04","modified_gmt":"2019-09-05T17:15:04","slug":"hoje-e-o-ultimo-dia-para-inscricao-no-vestibular-a-distancia-da-unb","status":"publish","type":"post","link":"https:\/\/www.caririemacao.com\/1\/2019\/09\/05\/hoje-e-o-ultimo-dia-para-inscricao-no-vestibular-a-distancia-da-unb\/","title":{"rendered":"Hoje \u00e9 o \u00faltimo dia para inscri\u00e7\u00e3o no vestibular a dist\u00e2ncia da UnB"},"content":{"rendered":"\n<p>Terminam hoje (5) as inscri\u00e7\u00f5es para o preenchimento de 1,3 mil vagas de licenciatura a dist\u00e2ncia na Universidade de Bras\u00edlia (UnB), com polos presenciais nas cidades de Belo Horizonte, Bras\u00edlia, Cuiab\u00e1 , Florian\u00f3polis, Goi\u00e2nia , Palmas , Porto Alegre, Rio Branco, S\u00e3o Paulo e Vit\u00f3ria.<\/p>\n\n\n\n<p>Segundo a universidade, a oferta de cursos de gradua\u00e7\u00e3o a dist\u00e2ncia visa a ampliar e interiorizar o acesso ao ensino superior p\u00fablico, gratuito e de qualidade no Brasil, al\u00e9m de incentivar a forma\u00e7\u00e3o de professores da rede p\u00fablica de ensino.<\/p>\n\n\n\n<p>As inscri\u00e7\u00f5es podem ser feitas no&nbsp;<em>site<\/em>&nbsp;do&nbsp;<a href=\"https:\/\/www.cebraspe.org.br\/vestibulares\/UAB_20_LICENCIATURA\" target=\"_blank\" rel=\"noreferrer noopener\">Centro Brasileiro de Pesquisa em Avalia\u00e7\u00e3o e Sele\u00e7\u00e3o e de Promo\u00e7\u00e3o de Eventos<\/a>&nbsp;(Cebraspe).&nbsp; A taxa de inscri\u00e7\u00e3o, de R$ 60, &nbsp;deve ser paga at\u00e9 o dia&nbsp;24 de setembro. No momento da inscri\u00e7\u00e3o, os participantes devem optar por concorrer a vagas no Sistema Universal, Sistema de Cotas para Escolas P\u00fablicas ou Sistema de Cotas para Negros.<\/p>\n\n\n\n<p>A sele\u00e7\u00e3o ser\u00e1 por meio de prova objetiva e prova de reda\u00e7\u00e3o em l\u00edngua portuguesa, previstas para o dia&nbsp;13 de outubro,&nbsp;no turno da tarde. As provas de verifica\u00e7\u00e3o de habilidades espec\u00edficas \u2013 somente para os cursos de Artes Visuais, M\u00fasica e Teatro \u2013 est\u00e3o programadas para novembro.<\/p>\n","protected":false},"excerpt":{"rendered":"<p>Terminam hoje (5) as inscri\u00e7\u00f5es para o preenchimento de 1,3 mil vagas de licenciatura a dist\u00e2ncia na Universidade de Bras\u00edlia (UnB), com polos presenciais nas&hellip; <\/p>\n","protected":false},"author":1,"featured_media":114321,"comment_status":"closed","ping_status":"closed","sticky":false,"template":"","format":"standard","meta":{"sfsi_plus_gutenberg_text_before_share":"","sfsi_plus_gutenberg_show_text_before_share":"","sfsi_plus_gutenberg_icon_type":"","sfsi_plus_gutenberg_icon_alignemt":"","sfsi_plus_gutenburg_max_per_row":"","footnotes":""},"categories":[14],"tags":[],"class_list":["post-114320","post","type-post","status-publish","format-standard","has-post-thumbnail","hentry","category-educacao"],"_links":{"self":[{"href":"https:\/\/www.caririemacao.com\/1\/wp-json\/wp\/v2\/posts\/114320","targetHints":{"allow":["GET"]}}],"collection":[{"href":"https:\/\/www.caririemacao.com\/1\/wp-json\/wp\/v2\/posts"}],"about":[{"href":"https:\/\/www.caririemacao.com\/1\/wp-json\/wp\/v2\/types\/post"}],"author":[{"embeddable":true,"href":"https:\/\/www.caririemacao.com\/1\/wp-json\/wp\/v2\/users\/1"}],"replies":[{"embeddable":true,"href":"https:\/\/www.caririemacao.com\/1\/wp-json\/wp\/v2\/comments?post=114320"}],"version-history":[{"count":1,"href":"https:\/\/www.caririemacao.com\/1\/wp-json\/wp\/v2\/posts\/114320\/revisions"}],"predecessor-version":[{"id":114322,"href":"https:\/\/www.caririemacao.com\/1\/wp-json\/wp\/v2\/posts\/114320\/revisions\/114322"}],"wp:featuredmedia":[{"embeddable":true,"href":"https:\/\/www.caririemacao.com\/1\/wp-json\/wp\/v2\/media\/114321"}],"wp:attachment":[{"href":"https:\/\/www.caririemacao.com\/1\/wp-json\/wp\/v2\/media?parent=114320"}],"wp:term":[{"taxonomy":"category","embeddable":true,"href":"https:\/\/www.caririemacao.com\/1\/wp-json\/wp\/v2\/categories?post=114320"},{"taxonomy":"post_tag","embeddable":true,"href":"https:\/\/www.caririemacao.com\/1\/wp-json\/wp\/v2\/tags?post=114320"}],"curies":[{"name":"wp","href":"https:\/\/api.w.org\/{rel}","templated":true}]}}