{"id":114323,"date":"2019-09-05T14:17:28","date_gmt":"2019-09-05T17:17:28","guid":{"rendered":"http:\/\/www.caririemacao.com\/1\/?p=114323"},"modified":"2019-09-05T14:17:28","modified_gmt":"2019-09-05T17:17:28","slug":"inflacao-para-familias-com-renda-mais-baixa-cai-em-agosto-2","status":"publish","type":"post","link":"https:\/\/www.caririemacao.com\/1\/2019\/09\/05\/inflacao-para-familias-com-renda-mais-baixa-cai-em-agosto-2\/","title":{"rendered":"Infla\u00e7\u00e3o para fam\u00edlias com renda mais baixa cai em agosto"},"content":{"rendered":"\n<p>O \u00cdndice de Pre\u00e7os ao Consumidor \u2013 Classe 1 (IPC-C1), que mede a varia\u00e7\u00e3o da cesta de consumo para fam\u00edlias com renda at\u00e9 2,5 sal\u00e1rios m\u00ednimos, registrou infla\u00e7\u00e3o de 0,11% em agosto. Segundo a Funda\u00e7\u00e3o Getulio Vargas (FGV), a taxa ficou abaixo do IPC-C1\u00a0de julho\u00a0(0,43%).<\/p>\n\n\n\n<p>O indicador acumula taxas de infla\u00e7\u00e3o de 3,28% no ano e de 4,11% no per\u00edodo de 12 meses.<\/p>\n\n\n\n<p>Em agosto, o IPC-C1 ficou abaixo do registrado pelo \u00cdndice de Pre\u00e7os ao Consumidor \u2013 Brasil (IPC-BR), que mede a varia\u00e7\u00e3o da cesta de compras para todas as faixas de renda e que registrou taxa de infla\u00e7\u00e3o de 0,17% no m\u00eas. No acumulado de 12 meses, no entanto, o IPC-C1 ficou acima do IPC-BR, que teve taxa de 3,97%.<\/p>\n\n\n\n<p>Seis das oito classes de despesas componentes do IPC-C1 registraram queda de suas taxas de varia\u00e7\u00e3o: alimenta\u00e7\u00e3o (de 0,20% em julho para -0,46% em agosto), habita\u00e7\u00e3o (de 1,32% para 0,95%), sa\u00fade e cuidados pessoais (de 0,28% para 0,01%), despesas diversas (de 0,40% para -0,07%), educa\u00e7\u00e3o, leitura e recrea\u00e7\u00e3o (de 0,16% para 0,04%) e vestu\u00e1rio (de -0,28% para -0,44%).<\/p>\n\n\n\n<p>Por outro lado, dois grupos tiveram aumento da taxa: transportes (de -0,24% para 0,05%) e comunica\u00e7\u00e3o (de 0,04% para 0,68%).<\/p>\n","protected":false},"excerpt":{"rendered":"<p>O \u00cdndice de Pre\u00e7os ao Consumidor \u2013 Classe 1 (IPC-C1), que mede a varia\u00e7\u00e3o da cesta de consumo para fam\u00edlias com renda at\u00e9 2,5 sal\u00e1rios&hellip; <\/p>\n","protected":false},"author":1,"featured_media":104053,"comment_status":"closed","ping_status":"closed","sticky":false,"template":"","format":"standard","meta":{"sfsi_plus_gutenberg_text_before_share":"","sfsi_plus_gutenberg_show_text_before_share":"","sfsi_plus_gutenberg_icon_type":"","sfsi_plus_gutenberg_icon_alignemt":"","sfsi_plus_gutenburg_max_per_row":"","footnotes":""},"categories":[11],"tags":[],"class_list":["post-114323","post","type-post","status-publish","format-standard","has-post-thumbnail","hentry","category-politica"],"_links":{"self":[{"href":"https:\/\/www.caririemacao.com\/1\/wp-json\/wp\/v2\/posts\/114323","targetHints":{"allow":["GET"]}}],"collection":[{"href":"https:\/\/www.caririemacao.com\/1\/wp-json\/wp\/v2\/posts"}],"about":[{"href":"https:\/\/www.caririemacao.com\/1\/wp-json\/wp\/v2\/types\/post"}],"author":[{"embeddable":true,"href":"https:\/\/www.caririemacao.com\/1\/wp-json\/wp\/v2\/users\/1"}],"replies":[{"embeddable":true,"href":"https:\/\/www.caririemacao.com\/1\/wp-json\/wp\/v2\/comments?post=114323"}],"version-history":[{"count":1,"href":"https:\/\/www.caririemacao.com\/1\/wp-json\/wp\/v2\/posts\/114323\/revisions"}],"predecessor-version":[{"id":114324,"href":"https:\/\/www.caririemacao.com\/1\/wp-json\/wp\/v2\/posts\/114323\/revisions\/114324"}],"wp:featuredmedia":[{"embeddable":true,"href":"https:\/\/www.caririemacao.com\/1\/wp-json\/wp\/v2\/media\/104053"}],"wp:attachment":[{"href":"https:\/\/www.caririemacao.com\/1\/wp-json\/wp\/v2\/media?parent=114323"}],"wp:term":[{"taxonomy":"category","embeddable":true,"href":"https:\/\/www.caririemacao.com\/1\/wp-json\/wp\/v2\/categories?post=114323"},{"taxonomy":"post_tag","embeddable":true,"href":"https:\/\/www.caririemacao.com\/1\/wp-json\/wp\/v2\/tags?post=114323"}],"curies":[{"name":"wp","href":"https:\/\/api.w.org\/{rel}","templated":true}]}}